{"id":92591,"date":"2008-07-17T22:39:12","date_gmt":"2008-07-17T22:39:12","guid":{"rendered":"http:\/\/diariodominicano.ddns.net\/?p=92591"},"modified":"2008-07-17T22:39:12","modified_gmt":"2008-07-17T22:39:12","slug":"la-oreja-de-van-gogh-estrena-nuevo-disco-y-cantante","status":"publish","type":"post","link":"https:\/\/diariodominicano.com\/?p=92591","title":{"rendered":"La Oreja de Van Gogh estrena nuevo disco y cantante"},"content":{"rendered":"<p><body><\/p>\n<p class=\"titulogrande1\"><strong>La Oreja de Van Gogh estrena nuevo disco y cantante<\/strong><\/p>\n<p>&#13;<\/p>\n<p><strong>La  agrupaci\u00f3n espa\u00f1ola presenta su nuevo trabajo <\/strong> <strong>estrenando  la voz de Leire Mart\u00ednez<\/strong><\/p>\n<p>&#13;<\/p>\n<p align=\"justify\"><strong>\u201cEl \u00faltimo  vals\u201d es el nuevo sencillo que se conoce de las nuevas canciones producidas por sus miembros<br \/>&#13;<br \/>\n  junto a Nigel Walker<\/strong><br \/>&#13;<br \/>\n  <br \/>&#13;<br \/>\n  <strong>El disco es  otro lanzamiento de Sony BMG Latin<\/strong><br \/>&#13;<br \/>\n  <br \/>&#13;<br \/>\n  <span class=\"text1noticias\"><strong><img loading=\"lazy\" decoding=\"async\" src=\"http:\/\/localhost:8080\/gente\/img\/oreja vango.jpg\" width=\"375\" height=\"188\" hspace=\"4\" align=\"left\" \/>Miami, FL.- <\/strong>La agrupaci\u00f3n espa\u00f1ola <strong>La  Oreja de Van Gogh<\/strong> publica su esperado quinto \u00e1lbum con el debut de su nueva  cantante <strong>Leire Mart\u00ednez<\/strong>. El disco  llegar\u00e1 a las tiendas en los Estados Unidos el pr\u00f3ximo 30 de septiembre,  mientras sus fan\u00e1ticos en Espa\u00f1a ya convirtieron en \u00e9xito el sencillo \u201cEl  \u00faltimo vals\u201d que ser\u00e1 distribuido a la radio nacional de Estados Unidos y  Puerto Rico el 12 de agosto.<br \/>&#13;<br \/>\n  <br \/>&#13;<br \/>\n  Tras la partida del  grupo de <strong>Amaia Montero<\/strong> -su cantante  desde el principio-, <strong>Pablo<\/strong>, <strong>Xabi<\/strong>, <strong>\u00c1lvaro<\/strong> y <strong>Haritz<\/strong> se  pusieron en marcha para buscar la nueva voz del grupo. Este fue un reto  emocional y art\u00edstico que alcanza su meta con el lanzamiento en Espa\u00f1a de este  trabajo discogr\u00e1fico.<br \/>&#13;<br \/>\n  <br \/>&#13;<br \/>\n  El primer sencillo  de este nuevo \u00e1lbum, producido por <strong>Nigel  Walker<\/strong> y los miembros del grupo, es \u201cEl \u00faltimo vals\u201d, una historia de amor  inspirada en la pel\u00edcula de <strong>Martin  Scorsese<\/strong>.<br \/>&#13;<br \/>\n  <br \/>&#13;<br \/>\n  Todas las canciones  fueron compuestas por la banda y se grabaron en los estudios Du Manoir en Las  Landas de Francia y en Red Led de Madrid, luego fueron masterizadas en Gateway  Mastering de Portland, Estados Unidos por el veterano <strong>Bob Ludwig<\/strong>, quien ha trabajado para <strong>Coldplay, Jimi Hendrix, Nirvana, U2, Bruce Springsteen, Madonna, Dire Straits <\/strong>y<strong> Pearl Jam<\/strong>, entre otras  estrellas del pop y el rock.<br \/>&#13;<br \/>\n  <br \/>&#13;<br \/>\n  La voz de Leire  aporta al grupo fuego, vitalidad y frescura, dejando su pasi\u00f3n en cada frase,  llevando el esp\u00edritu del grupo al m\u00e1ximo. Este es el quinto disco de estudio de  la banda donostiarra que se reinventa con la llegada de Leire.\u00a0 <br \/>&#13;<br \/>\n  <br \/>&#13;<br \/>\n  Desde el pr\u00f3ximo 30  de septiembre, la historia contin\u00faa para escribir el mejor cap\u00edtulo de La Oreja  de Van Gogh.<\/span><\/p>\n<p>&#13;<\/p>\n<h6> 2008-07-17 22:39:12 <\/h6>\n<p><!--\n<link rel=\"stylesheet\" href=\"css\/bootstrap.min.css\">\n\n\n<ul class=\"pagination\">\n\t    \n\t\n\n<li >\n\t<a href='?page_no=21212'>Previous<\/a>\n\t<\/li>\n\n\n       \n    \n\n<li><a href='?page_no=1'>1<\/a><\/li>\n\n\n\n<li><a href='?page_no=2'>2<\/a><\/li>\n\n\n\n<li><a>...<\/a><\/li>\n\n\n\n<li><a href='?page_no=21211'>21211<\/a><\/li>\n\n\n\n<li><a href='?page_no=21212'>21212<\/a><\/li>\n\n\n\n<li class='active'><a>21213<\/a><\/li>\n\n\n\n<li><a href='?page_no=21214'>21214<\/a><\/li>\n\n\n\n<li><a href='?page_no=21215'>21215<\/a><\/li>\n\n\n\n<li><a>...<\/a><\/li>\n\n\n\n<li><a href='?page_no=22522'>22522<\/a><\/li>\n\n\n\n<li><a href='?page_no=22523'>22523<\/a><\/li>\n\n    \n\t\n\n<li >\n\t<a href='?page_no=21214'>Next<\/a>\n\t<\/li>\n\n\n    \n\n<li><a href='?page_no=22523'>Last &rsaquo;&rsaquo;<\/a><\/li>\n\n<\/ul>\n\n\n--><br \/>\n<\/body><\/p>\n","protected":false},"excerpt":{"rendered":"<p>La Oreja de Van Gogh estrena nuevo disco y cantante &#13; La agrupaci\u00f3n espa\u00f1ola presenta su nuevo trabajo estrenando la voz de Leire Mart\u00ednez &#13; \u201cEl \u00faltimo vals\u201d es el nuevo sencillo que se conoce de las nuevas canciones producidas por sus miembros&#13; junto a Nigel Walker&#13; &#13; El disco es otro lanzamiento de Sony [&hellip;]<\/p>\n","protected":false},"author":3,"featured_media":0,"comment_status":"open","ping_status":"open","sticky":false,"template":"","format":"standard","meta":{"footnotes":""},"categories":[25],"tags":[],"class_list":["post-92591","post","type-post","status-publish","format-standard","hentry","category-gente"],"_links":{"self":[{"href":"https:\/\/diariodominicano.com\/index.php?rest_route=\/wp\/v2\/posts\/92591","targetHints":{"allow":["GET"]}}],"collection":[{"href":"https:\/\/diariodominicano.com\/index.php?rest_route=\/wp\/v2\/posts"}],"about":[{"href":"https:\/\/diariodominicano.com\/index.php?rest_route=\/wp\/v2\/types\/post"}],"author":[{"embeddable":true,"href":"https:\/\/diariodominicano.com\/index.php?rest_route=\/wp\/v2\/users\/3"}],"replies":[{"embeddable":true,"href":"https:\/\/diariodominicano.com\/index.php?rest_route=%2Fwp%2Fv2%2Fcomments&post=92591"}],"version-history":[{"count":0,"href":"https:\/\/diariodominicano.com\/index.php?rest_route=\/wp\/v2\/posts\/92591\/revisions"}],"wp:attachment":[{"href":"https:\/\/diariodominicano.com\/index.php?rest_route=%2Fwp%2Fv2%2Fmedia&parent=92591"}],"wp:term":[{"taxonomy":"category","embeddable":true,"href":"https:\/\/diariodominicano.com\/index.php?rest_route=%2Fwp%2Fv2%2Fcategories&post=92591"},{"taxonomy":"post_tag","embeddable":true,"href":"https:\/\/diariodominicano.com\/index.php?rest_route=%2Fwp%2Fv2%2Ftags&post=92591"}],"curies":[{"name":"wp","href":"https:\/\/api.w.org\/{rel}","templated":true}]}}