{"id":92590,"date":"2008-07-18T22:52:14","date_gmt":"2008-07-18T22:52:14","guid":{"rendered":"http:\/\/diariodominicano.ddns.net\/?p=92590"},"modified":"2008-07-18T22:52:14","modified_gmt":"2008-07-18T22:52:14","slug":"wason-brazoban-prepara-gira-para-eeuu","status":"publish","type":"post","link":"https:\/\/diariodominicano.com\/?p=92590","title":{"rendered":"Wason Brazob\u00e1n prepara gira para EEUU"},"content":{"rendered":"<p><body><\/p>\n<p class=\"titulogrande1\">Wason  Brazob\u00e1n prepara gira para\u00a0 EEUU<\/p>\n<p>&#13;<\/p>\n<p align=\"justify\" class=\"text1noticias\"><strong><img loading=\"lazy\" decoding=\"async\" src=\"http:\/\/localhost:8080\/gente\/img\/wason brazoban.jpg\" width=\"375\" height=\"545\" hspace=\"4\" align=\"left\" \/>Miami, FL,.-<\/strong> El int\u00e9rprete  dominicano Wason Brazob\u00e1n regresa nuevamente en agosto a los Estados Unidos  para continuar con su gira y participar en importantes actividades en los  estados de Nueva York, Massachusetts y Rhode Island.<br \/>&#13;<br \/>\n  \u00a0<br \/>&#13;<br \/>\n  En La Gran Manzana,  Brazob\u00e1n ya tiene contempladas varias presentaciones, una de ellas el pr\u00f3ximo  10 de agosto, en la majestuosa \u201cParada Dominicana\u201d, que cada a\u00f1o convoca a  miles de latinos residentes en el noreste del pa\u00eds.<br \/>&#13;<br \/>\n  \u00a0<br \/>&#13;<br \/>\n  Luego, el 22 de agosto, el  cantautor ser\u00e1 una de las estrellas invitadas a \u201cNoche Latina\u201d, evento que  realiza la organizaci\u00f3n de los Mets de Nueva York en su estadio el Shea  Stadium. Adem\u00e1s, actuar\u00e1 en reconocidos centros nocturnos de esta gran urbe.<br \/>&#13;<br \/>\n  \u00a0<br \/>&#13;<br \/>\n  Wason Brazob\u00e1n se ha  convertido en uno de los compositores m\u00e1s creativos de los \u00faltimos a\u00f1os en la Rep\u00fablica Dominicana,  logrando grandes \u00e9xitos, primero como vocalista principal y l\u00edder del grupo  \u201cNegros\u201d, y ahora como solista.<br \/>&#13;<br \/>\n  \u00a0<br \/>&#13;<br \/>\n  Entre sus obras m\u00e1s populares  est\u00e1 la canci\u00f3n titulada, \u201cEn un s\u00f3lo d\u00eda\u201d, tema principal de la banda sonora  de la pel\u00edcula de origen dominicano, Sanky Panky, producida por Premium Latin  Films.<br \/>&#13;<br \/>\n  \u00a0\u00a0\u00a0\u00a0\u00a0 <br \/>&#13;<br \/>\n  Su nuevo disco, \u201cArmadura de  Rosas\u201d, es un lanzamiento de Premium Latin Music.<\/p>\n<p>&#13;<\/p>\n<h6> 2008-07-18 22:52:14 <\/h6>\n<p><!--\n<link rel=\"stylesheet\" href=\"css\/bootstrap.min.css\">\n\n\n<ul class=\"pagination\">\n\t    \n\t\n\n<li >\n\t<a href='?page_no=21211'>Previous<\/a>\n\t<\/li>\n\n\n       \n    \n\n<li><a href='?page_no=1'>1<\/a><\/li>\n\n\n\n<li><a href='?page_no=2'>2<\/a><\/li>\n\n\n\n<li><a>...<\/a><\/li>\n\n\n\n<li><a href='?page_no=21210'>21210<\/a><\/li>\n\n\n\n<li><a href='?page_no=21211'>21211<\/a><\/li>\n\n\n\n<li class='active'><a>21212<\/a><\/li>\n\n\n\n<li><a href='?page_no=21213'>21213<\/a><\/li>\n\n\n\n<li><a href='?page_no=21214'>21214<\/a><\/li>\n\n\n\n<li><a>...<\/a><\/li>\n\n\n\n<li><a href='?page_no=22522'>22522<\/a><\/li>\n\n\n\n<li><a href='?page_no=22523'>22523<\/a><\/li>\n\n    \n\t\n\n<li >\n\t<a href='?page_no=21213'>Next<\/a>\n\t<\/li>\n\n\n    \n\n<li><a href='?page_no=22523'>Last &rsaquo;&rsaquo;<\/a><\/li>\n\n<\/ul>\n\n\n--><br \/>\n<\/body><\/p>\n","protected":false},"excerpt":{"rendered":"<p>Wason Brazob\u00e1n prepara gira para\u00a0 EEUU &#13; Miami, FL,.- El int\u00e9rprete dominicano Wason Brazob\u00e1n regresa nuevamente en agosto a los Estados Unidos para continuar con su gira y participar en importantes actividades en los estados de Nueva York, Massachusetts y Rhode Island.&#13; \u00a0&#13; En La Gran Manzana, Brazob\u00e1n ya tiene contempladas varias presentaciones, una de [&hellip;]<\/p>\n","protected":false},"author":3,"featured_media":0,"comment_status":"open","ping_status":"open","sticky":false,"template":"","format":"standard","meta":{"footnotes":""},"categories":[25],"tags":[],"class_list":["post-92590","post","type-post","status-publish","format-standard","hentry","category-gente"],"_links":{"self":[{"href":"https:\/\/diariodominicano.com\/index.php?rest_route=\/wp\/v2\/posts\/92590","targetHints":{"allow":["GET"]}}],"collection":[{"href":"https:\/\/diariodominicano.com\/index.php?rest_route=\/wp\/v2\/posts"}],"about":[{"href":"https:\/\/diariodominicano.com\/index.php?rest_route=\/wp\/v2\/types\/post"}],"author":[{"embeddable":true,"href":"https:\/\/diariodominicano.com\/index.php?rest_route=\/wp\/v2\/users\/3"}],"replies":[{"embeddable":true,"href":"https:\/\/diariodominicano.com\/index.php?rest_route=%2Fwp%2Fv2%2Fcomments&post=92590"}],"version-history":[{"count":0,"href":"https:\/\/diariodominicano.com\/index.php?rest_route=\/wp\/v2\/posts\/92590\/revisions"}],"wp:attachment":[{"href":"https:\/\/diariodominicano.com\/index.php?rest_route=%2Fwp%2Fv2%2Fmedia&parent=92590"}],"wp:term":[{"taxonomy":"category","embeddable":true,"href":"https:\/\/diariodominicano.com\/index.php?rest_route=%2Fwp%2Fv2%2Fcategories&post=92590"},{"taxonomy":"post_tag","embeddable":true,"href":"https:\/\/diariodominicano.com\/index.php?rest_route=%2Fwp%2Fv2%2Ftags&post=92590"}],"curies":[{"name":"wp","href":"https:\/\/api.w.org\/{rel}","templated":true}]}}