{"id":92589,"date":"2008-07-18T22:57:56","date_gmt":"2008-07-18T22:57:56","guid":{"rendered":"http:\/\/diariodominicano.ddns.net\/?p=92589"},"modified":"2008-07-18T22:57:56","modified_gmt":"2008-07-18T22:57:56","slug":"kudai-debuta-en-el-tercer-lugar-con-nadha-su-mas-reciente-produccion","status":"publish","type":"post","link":"https:\/\/diariodominicano.com\/?p=92589","title":{"rendered":"Kudai debuta en el tercer lugar con Nadha su m\u00e1s reciente producci\u00f3n"},"content":{"rendered":"<p><body><\/p>\n<p align=\"justify\"><span class=\"titulogrande1\">Kudai debuta en el tercer  lugar con Nadha su m\u00e1s reciente producci\u00f3n<\/span><br \/>&#13;<br \/>\n  \u00a0<br \/>&#13;<br \/>\n  <span class=\"text1noticias\"><strong>SANTO DOMINGO.-<\/strong> La agrupaci\u00f3n  estar\u00e1 en septiembre en escenario dominicanos con su primer concierto en el  pa\u00eds. Kudai debuta en el tercer  lugar en ventas en M\u00e9xico con el sencillo Lejos de aqu\u00ed, de su m\u00e1s reciente  producci\u00f3n Nadha.<br \/>&#13;<br \/>\n  <br \/>&#13;<br \/>\n  La agrupaci\u00f3n de m\u00fasica pop  estar\u00e1 realizando una gira en toda Latinoam\u00e9rica para promocionar \u00e9ste su  tercer disco llegando a los escenarios dominicanos el pr\u00f3ximo mes de  septiembre, bajo la producci\u00f3n de Evenpro.<br \/>&#13;<br \/>\n  \u00a0<br \/>&#13;<br \/>\n  Nadha es una propuesta  diferente en el que la agrupaci\u00f3n aborda temas de actualidad con el objetivo de  crear consciencia social a trav\u00e9s de sus letras.\u00a0 <br \/>&#13;<br \/>\n  <br \/>&#13;<br \/>\n\u00abLejos de  aqu\u00ed\u00bb\u00a0 el primer sencillo que se  escucha en la radio se enfoca al calentamiento global, llamando la atenci\u00f3n a  la responsabilidad de todo en el manejo de este tema que preocupa al  mundo.\u00a0 Mientras, Disfraz, otros de los  temas incluidos en el compacto se refiere a la homosexualidad en la sociedad de  hoy en d\u00eda.<br \/>&#13;<br \/>\n  \u00a0<br \/>&#13;<br \/>\n  Cada uno de los 11 temas incluidos  en este trabajo discogr\u00e1fico refleja la madurez musical alcanzada por el grupo  durante sus 8 a\u00f1os de trabajo profesional.<br \/>&#13;<br \/>\n  \u00a0<br \/>&#13;<br \/>\n  En la parte musical  trabajaron diferentes compositores y en las letras los integrantes del grupo  trabajaron como coautores de algunas de ellas junto al compositor Koko Stambuk,  autor de casi todos los temas.<br \/>&#13;<br \/>\n  \u00a0<br \/>&#13;<br \/>\n  La actual gira de Kudai  llevar\u00e1 al grupo a Venezuela, Ecuador, Per\u00fa, Argentina, Los \u00c1ngeles, Chicago,  Bolivia y Chile.<br \/>&#13;<br \/>\n  \u00a0<br \/>&#13;<br \/>\n  Pablo, B\u00e1rbara, Tomas y  Gabriela, son los cuarto j\u00f3venes talentos que forman Kudai quienes estuvieron  visitando por primera vez nuestro pa\u00eds en gira promocional durante el pasado  mes de marzo.<br \/>&#13;<br \/>\n  \u00a0<br \/>&#13;<br \/>\n  Considerada como la banda  juvenil del momento, Kudai fue galardonado a finales del a\u00f1o pasado como Mejor  Artista Centro en los\u00a0 premios MTV  Latinos realizados en la ciudad de M\u00e9xico.<br \/>&#13;<br \/>\n  <br \/>&#13;<br \/>\nSus trabajos conjugan  diversidad de ritmos y g\u00e9neros.\u00a0 Desde el  pop, rock, metal y electr\u00f3nica, permitiendo a cada integrante del grupo hacer  sus aportes y enriquecer entre todos la forma particular en que suena la banda. <\/span><\/p>\n<p>&#13;<\/p>\n<h6> 2008-07-18 22:57:56 <\/h6>\n<p><!--\n<link rel=\"stylesheet\" href=\"css\/bootstrap.min.css\">\n\n\n<ul class=\"pagination\">\n\t    \n\t\n\n<li >\n\t<a href='?page_no=21210'>Previous<\/a>\n\t<\/li>\n\n\n       \n    \n\n<li><a href='?page_no=1'>1<\/a><\/li>\n\n\n\n<li><a href='?page_no=2'>2<\/a><\/li>\n\n\n\n<li><a>...<\/a><\/li>\n\n\n\n<li><a href='?page_no=21209'>21209<\/a><\/li>\n\n\n\n<li><a href='?page_no=21210'>21210<\/a><\/li>\n\n\n\n<li class='active'><a>21211<\/a><\/li>\n\n\n\n<li><a href='?page_no=21212'>21212<\/a><\/li>\n\n\n\n<li><a href='?page_no=21213'>21213<\/a><\/li>\n\n\n\n<li><a>...<\/a><\/li>\n\n\n\n<li><a href='?page_no=22522'>22522<\/a><\/li>\n\n\n\n<li><a href='?page_no=22523'>22523<\/a><\/li>\n\n    \n\t\n\n<li >\n\t<a href='?page_no=21212'>Next<\/a>\n\t<\/li>\n\n\n    \n\n<li><a href='?page_no=22523'>Last &rsaquo;&rsaquo;<\/a><\/li>\n\n<\/ul>\n\n\n--><br \/>\n<\/body><\/p>\n","protected":false},"excerpt":{"rendered":"<p>Kudai debuta en el tercer lugar con Nadha su m\u00e1s reciente producci\u00f3n&#13; \u00a0&#13; SANTO DOMINGO.- La agrupaci\u00f3n estar\u00e1 en septiembre en escenario dominicanos con su primer concierto en el pa\u00eds. Kudai debuta en el tercer lugar en ventas en M\u00e9xico con el sencillo Lejos de aqu\u00ed, de su m\u00e1s reciente producci\u00f3n Nadha.&#13; &#13; La agrupaci\u00f3n [&hellip;]<\/p>\n","protected":false},"author":3,"featured_media":0,"comment_status":"open","ping_status":"open","sticky":false,"template":"","format":"standard","meta":{"footnotes":""},"categories":[25],"tags":[],"class_list":["post-92589","post","type-post","status-publish","format-standard","hentry","category-gente"],"_links":{"self":[{"href":"https:\/\/diariodominicano.com\/index.php?rest_route=\/wp\/v2\/posts\/92589","targetHints":{"allow":["GET"]}}],"collection":[{"href":"https:\/\/diariodominicano.com\/index.php?rest_route=\/wp\/v2\/posts"}],"about":[{"href":"https:\/\/diariodominicano.com\/index.php?rest_route=\/wp\/v2\/types\/post"}],"author":[{"embeddable":true,"href":"https:\/\/diariodominicano.com\/index.php?rest_route=\/wp\/v2\/users\/3"}],"replies":[{"embeddable":true,"href":"https:\/\/diariodominicano.com\/index.php?rest_route=%2Fwp%2Fv2%2Fcomments&post=92589"}],"version-history":[{"count":0,"href":"https:\/\/diariodominicano.com\/index.php?rest_route=\/wp\/v2\/posts\/92589\/revisions"}],"wp:attachment":[{"href":"https:\/\/diariodominicano.com\/index.php?rest_route=%2Fwp%2Fv2%2Fmedia&parent=92589"}],"wp:term":[{"taxonomy":"category","embeddable":true,"href":"https:\/\/diariodominicano.com\/index.php?rest_route=%2Fwp%2Fv2%2Fcategories&post=92589"},{"taxonomy":"post_tag","embeddable":true,"href":"https:\/\/diariodominicano.com\/index.php?rest_route=%2Fwp%2Fv2%2Ftags&post=92589"}],"curies":[{"name":"wp","href":"https:\/\/api.w.org\/{rel}","templated":true}]}}