{"id":92588,"date":"2008-07-18T23:00:33","date_gmt":"2008-07-18T23:00:33","guid":{"rendered":"http:\/\/diariodominicano.ddns.net\/?p=92588"},"modified":"2008-07-18T23:00:33","modified_gmt":"2008-07-18T23:00:33","slug":"salma-hayek-rompe-compromiso-de-bodas-con-empresario-frances","status":"publish","type":"post","link":"https:\/\/diariodominicano.com\/?p=92588","title":{"rendered":"Salma Hayek rompe compromiso de bodas con empresario franc\u00e9s"},"content":{"rendered":"<p><body><\/p>\n<p align=\"justify\"><strong class=\"titulogrande1\">Salma  Hayek rompe compromiso de bodas con  empresario franc\u00e9s<\/strong><br \/>&#13;<br \/>\n  <br \/>&#13;<br \/>\n    <span class=\"text1noticias\"><strong>NUEVA YORK.-<\/strong> Salma Hayek rompi\u00f3 su compromiso de bodas con el  empresario franc\u00e9s Francois-Henri Pinault, dijo una representante de la  estrella mexicana el viernes. La pareja anunci\u00f3 sus planes de boda en marzo del  2007, unos meses antes de tener a su hija Valentina Paloma Pinault.<br \/>&#13;<br \/>\n    <br \/>&#13;<br \/>\n\u00abAnunciamos con tristeza que el  compromiso entre Salma Hayek y Francois-Henri Pinault ha sido cancelado\u00bb,  dijo la publicista Cari Ross en un comunicado. \u00abNo se har\u00e1n m\u00e1s  comentarios\u00bb.<br \/>&#13;<br \/>\n<br \/>&#13;<br \/>\nHayek, de 41 a\u00f1os, ha protagonizado en  Hollywood cintas como \u00abFrida\u00bb, \u00abSpy Kids 3-D: Game Over\u00bb y  \u00abAfter the Sunset\u00bb.<br \/>&#13;<br \/>\n<br \/>&#13;<br \/>\nAdem\u00e1s, es una de las productoras ejecutivas  de la versi\u00f3n anglo de \u00abBetty la fea\u00bb, \u00abUgly Betty\u00bb de ABC,  y directora ejecutiva de Ventanazul, una compa\u00f1\u00eda de producci\u00f3n que form\u00f3 con la Metro-Goldwyn-Mayer  Inc.<br \/>&#13;<br \/>\n<br \/>&#13;<br \/>\nPinault es el presidente de la compa\u00f1\u00eda de  art\u00edculos de lujo PPR SA, propietaria de marcas como Gucci, Yves Saint Laurent,  Balenciaga y Puma.<\/span><\/p>\n<p>&#13;<\/p>\n<h6> 2008-07-18 23:00:33 <\/h6>\n<p><!--\n<link rel=\"stylesheet\" href=\"css\/bootstrap.min.css\">\n\n\n<ul class=\"pagination\">\n\t    \n\t\n\n<li >\n\t<a href='?page_no=21209'>Previous<\/a>\n\t<\/li>\n\n\n       \n    \n\n<li><a href='?page_no=1'>1<\/a><\/li>\n\n\n\n<li><a href='?page_no=2'>2<\/a><\/li>\n\n\n\n<li><a>...<\/a><\/li>\n\n\n\n<li><a href='?page_no=21208'>21208<\/a><\/li>\n\n\n\n<li><a href='?page_no=21209'>21209<\/a><\/li>\n\n\n\n<li class='active'><a>21210<\/a><\/li>\n\n\n\n<li><a href='?page_no=21211'>21211<\/a><\/li>\n\n\n\n<li><a href='?page_no=21212'>21212<\/a><\/li>\n\n\n\n<li><a>...<\/a><\/li>\n\n\n\n<li><a href='?page_no=22522'>22522<\/a><\/li>\n\n\n\n<li><a href='?page_no=22523'>22523<\/a><\/li>\n\n    \n\t\n\n<li >\n\t<a href='?page_no=21211'>Next<\/a>\n\t<\/li>\n\n\n    \n\n<li><a href='?page_no=22523'>Last &rsaquo;&rsaquo;<\/a><\/li>\n\n<\/ul>\n\n\n--><br \/>\n<\/body><\/p>\n","protected":false},"excerpt":{"rendered":"<p>Salma Hayek rompe compromiso de bodas con empresario franc\u00e9s&#13; &#13; NUEVA YORK.- Salma Hayek rompi\u00f3 su compromiso de bodas con el empresario franc\u00e9s Francois-Henri Pinault, dijo una representante de la estrella mexicana el viernes. La pareja anunci\u00f3 sus planes de boda en marzo del 2007, unos meses antes de tener a su hija Valentina Paloma [&hellip;]<\/p>\n","protected":false},"author":3,"featured_media":0,"comment_status":"open","ping_status":"open","sticky":false,"template":"","format":"standard","meta":{"footnotes":""},"categories":[25],"tags":[],"class_list":["post-92588","post","type-post","status-publish","format-standard","hentry","category-gente"],"_links":{"self":[{"href":"https:\/\/diariodominicano.com\/index.php?rest_route=\/wp\/v2\/posts\/92588","targetHints":{"allow":["GET"]}}],"collection":[{"href":"https:\/\/diariodominicano.com\/index.php?rest_route=\/wp\/v2\/posts"}],"about":[{"href":"https:\/\/diariodominicano.com\/index.php?rest_route=\/wp\/v2\/types\/post"}],"author":[{"embeddable":true,"href":"https:\/\/diariodominicano.com\/index.php?rest_route=\/wp\/v2\/users\/3"}],"replies":[{"embeddable":true,"href":"https:\/\/diariodominicano.com\/index.php?rest_route=%2Fwp%2Fv2%2Fcomments&post=92588"}],"version-history":[{"count":0,"href":"https:\/\/diariodominicano.com\/index.php?rest_route=\/wp\/v2\/posts\/92588\/revisions"}],"wp:attachment":[{"href":"https:\/\/diariodominicano.com\/index.php?rest_route=%2Fwp%2Fv2%2Fmedia&parent=92588"}],"wp:term":[{"taxonomy":"category","embeddable":true,"href":"https:\/\/diariodominicano.com\/index.php?rest_route=%2Fwp%2Fv2%2Fcategories&post=92588"},{"taxonomy":"post_tag","embeddable":true,"href":"https:\/\/diariodominicano.com\/index.php?rest_route=%2Fwp%2Fv2%2Ftags&post=92588"}],"curies":[{"name":"wp","href":"https:\/\/api.w.org\/{rel}","templated":true}]}}