{"id":92584,"date":"2008-07-21T18:15:45","date_gmt":"2008-07-21T18:15:45","guid":{"rendered":"http:\/\/diariodominicano.ddns.net\/?p=92584"},"modified":"2008-07-21T18:15:45","modified_gmt":"2008-07-21T18:15:45","slug":"solo-piden-paz","status":"publish","type":"post","link":"https:\/\/diariodominicano.com\/?p=92584","title":{"rendered":"S\u00f3lo piden paz"},"content":{"rendered":"<p><body><\/p>\n<p align=\"justify\"><span class=\"titulogrande1\">S\u00f3lo piden paz<\/span><br \/>&#13;<br \/>\n  <br \/>&#13;<br \/>\n  <span class=\"text1noticias\">Juanes y Miguel Bos\u00e9, en Par\u00eds; Shakira y Carlos Vives, en Colombia,  apoyaron la petici\u00f3n de Ingrid Betancourt de terminar con los secuestros de las  FARC <\/span><\/p>\n<p>&#13;<\/p>\n<p align=\"justify\" class=\"text1noticias\">El Universal <br \/>&#13;<br \/>\n    <br \/>&#13;<br \/>\nLunes 21 de julio de 2008 <br \/>&#13;<br \/>\n<br \/>&#13;<br \/>\n<strong>PAR\u00cdS, FRANCIA \/ LETICIA, COLOMBIA (AP).\u2014 <\/strong>En Par\u00eds,  Juanes y Miguel Bos\u00e9 pusieron la m\u00fasica y apoyaron la petici\u00f3n de la ex  candidata presidencial colombiana Ingrid Betancourt, para que el grupo  guerrillero Fuerzas Armadas Revolucionarias de Colombia (FARC) deponga las  armas y terminen con los secuestros. <br \/>&#13;<br \/>\n<br \/>&#13;<br \/>\n\u201cHemos dado la vuelta a una p\u00e1gina\u201d, dijo Juanes, en referencia a la  liberaci\u00f3n de Betancourt durante una operaci\u00f3n del Ej\u00e9rcito colombiano el 2 de  julio pasado. \u201cPero el libro sigue abierto, y es un libro muy grueso\u201d. <br \/>&#13;<br \/>\n<br \/>&#13;<br \/>\nDurante el recital en la Plaza del Trocadero de Par\u00eds, al pie de la Torre  Eiffel, miles de espectadores, muchos vestidos con los colores de la bandera  colombiana (rojo, amarillo y azul) corearon \u201clibertad\u201d y ovacionaron a los  participantes, quienes coincidieron en la exigencia de la pronta liberaci\u00f3n de  los rehenes que siguen en manos de la guerrilla. <br \/>&#13;<br \/>\n<br \/>&#13;<br \/>\nEl colombiano Juanes abri\u00f3 el concierto interpretando el Himno Nacional de  su pa\u00eds. En el escenario se le uni\u00f3 Betancourt. <br \/>&#13;<br \/>\n<br \/>&#13;<br \/>\nLa muchedumbre se deleit\u00f3 con las canciones de Juanes como \u201cLa camisa  negra\u201d y de Bos\u00e9 como \u201cPartisano\u201d, mientras en la tarima Betancourt, vestida  toda de blanco y con la bandera colombiana a modo de chal en los hombros, bat\u00eda  las palmas. <br \/>&#13;<br \/>\n<br \/>&#13;<br \/>\nBos\u00e9 se uni\u00f3 al llamado a la paz. \u201cUn s\u00f3lo deseo y una esperanza, que es  invitar a las FARC a deponer las armas y liberar a todos los rehenes\u201d, dijo el  cantante espa\u00f1ol. <br \/>&#13;<br \/>\n<br \/>&#13;<br \/>\n\u201cEstoy convencido y me atrever\u00eda a decir que si&#8230; en alg\u00fan momento su  proyecto tuvo argumentos s\u00f3lidos, obligatoriamente deber\u00eda ser traducido en  palabras.\u201d <br \/>&#13;<br \/>\n<br \/>&#13;<br \/>\nEn el acto, que continu\u00f3 hasta la ca\u00edda de la noche en Par\u00eds, Ingrid  Betancourt tom\u00f3 la palabra: \u201cAlfonso Cano, donde quiera que se encuentre, en  cualquier lugar de la selva&#8230; vea a esta Colombia, mire la mano tendida del  presidente Uribe, entienda que ya no es hora de derramar m\u00e1s sangre, de que es  hora de cambiar esos fusiles y cambiarlos por rosas\u201d, exhort\u00f3 Betancourt al  dirigente de las Fuerzas Armadas Revolucionarias de Colombia, quien tom\u00f3 el  mando este a\u00f1o luego de la muerte de Manuel Marulanda Tirofijo. <br \/>&#13;<br \/>\n<br \/>&#13;<br \/>\n&#8230;Y en Am\u00e9rica <br \/>&#13;<br \/>\n<br \/>&#13;<br \/>\nShakira y Carlos Vives encabezaron un concierto para festejar el d\u00eda de la  independencia de Colombia, y para reclamar la libertad de todos los  secuestrados en manos de grupos irregulares. <br \/>&#13;<br \/>\n<br \/>&#13;<br \/>\n\u201cAspiramos a lograr la paz y la liberaci\u00f3n de todos aquellos que est\u00e1n en  cautiverio\u201d, dijo Shakira a un enjambre de periodistas a su llegada a la  poblaci\u00f3n de Leticia, capital del departamento de Amazonas. <br \/>&#13;<br \/>\n<br \/>&#13;<br \/>\nY los fans de la cantante se hicieron notar: \u201cLe doy gracias a Dios de que  puedo ver el concierto de Shakira, de s\u00f3lo pensar en ella me palpita el  coraz\u00f3n\u201d, dijo el sargento segundo de la polic\u00eda, John Jairo Dur\u00e1n, uno de los  15 secuestrados rescatados de manos de las rebeldes Fuerzas Armadas Revolucionarias  de Colombia (FARC) el 2 de julio. <\/p>\n<p>&#13;<\/p>\n<div align=\"justify\" class=\"text1noticias\">\u201cCon Dur\u00e1n, quien fue retenido  por las FARC en 1998 tras una ataque a un puesto militar en Miraflores, al sur  del pa\u00eds, otros tres de sus compa\u00f1eros rescatados asistieron al desfile militar  y al concierto, invitados por el gobierno colombiano. <\/div>\n<p>&#13;<\/p>\n<h6> 2008-07-21 18:15:45 <\/h6>\n<p><!--\n<link rel=\"stylesheet\" href=\"css\/bootstrap.min.css\">\n\n\n<ul class=\"pagination\">\n\t    \n\t\n\n<li >\n\t<a href='?page_no=21205'>Previous<\/a>\n\t<\/li>\n\n\n       \n    \n\n<li><a href='?page_no=1'>1<\/a><\/li>\n\n\n\n<li><a href='?page_no=2'>2<\/a><\/li>\n\n\n\n<li><a>...<\/a><\/li>\n\n\n\n<li><a href='?page_no=21204'>21204<\/a><\/li>\n\n\n\n<li><a href='?page_no=21205'>21205<\/a><\/li>\n\n\n\n<li class='active'><a>21206<\/a><\/li>\n\n\n\n<li><a href='?page_no=21207'>21207<\/a><\/li>\n\n\n\n<li><a href='?page_no=21208'>21208<\/a><\/li>\n\n\n\n<li><a>...<\/a><\/li>\n\n\n\n<li><a href='?page_no=22522'>22522<\/a><\/li>\n\n\n\n<li><a href='?page_no=22523'>22523<\/a><\/li>\n\n    \n\t\n\n<li >\n\t<a href='?page_no=21207'>Next<\/a>\n\t<\/li>\n\n\n    \n\n<li><a href='?page_no=22523'>Last &rsaquo;&rsaquo;<\/a><\/li>\n\n<\/ul>\n\n\n--><br \/>\n<\/body><\/p>\n","protected":false},"excerpt":{"rendered":"<p>S\u00f3lo piden paz&#13; &#13; Juanes y Miguel Bos\u00e9, en Par\u00eds; Shakira y Carlos Vives, en Colombia, apoyaron la petici\u00f3n de Ingrid Betancourt de terminar con los secuestros de las FARC &#13; El Universal &#13; &#13; Lunes 21 de julio de 2008 &#13; &#13; PAR\u00cdS, FRANCIA \/ LETICIA, COLOMBIA (AP).\u2014 En Par\u00eds, Juanes y Miguel Bos\u00e9 [&hellip;]<\/p>\n","protected":false},"author":3,"featured_media":0,"comment_status":"open","ping_status":"open","sticky":false,"template":"","format":"standard","meta":{"footnotes":""},"categories":[25],"tags":[],"class_list":["post-92584","post","type-post","status-publish","format-standard","hentry","category-gente"],"_links":{"self":[{"href":"https:\/\/diariodominicano.com\/index.php?rest_route=\/wp\/v2\/posts\/92584","targetHints":{"allow":["GET"]}}],"collection":[{"href":"https:\/\/diariodominicano.com\/index.php?rest_route=\/wp\/v2\/posts"}],"about":[{"href":"https:\/\/diariodominicano.com\/index.php?rest_route=\/wp\/v2\/types\/post"}],"author":[{"embeddable":true,"href":"https:\/\/diariodominicano.com\/index.php?rest_route=\/wp\/v2\/users\/3"}],"replies":[{"embeddable":true,"href":"https:\/\/diariodominicano.com\/index.php?rest_route=%2Fwp%2Fv2%2Fcomments&post=92584"}],"version-history":[{"count":0,"href":"https:\/\/diariodominicano.com\/index.php?rest_route=\/wp\/v2\/posts\/92584\/revisions"}],"wp:attachment":[{"href":"https:\/\/diariodominicano.com\/index.php?rest_route=%2Fwp%2Fv2%2Fmedia&parent=92584"}],"wp:term":[{"taxonomy":"category","embeddable":true,"href":"https:\/\/diariodominicano.com\/index.php?rest_route=%2Fwp%2Fv2%2Fcategories&post=92584"},{"taxonomy":"post_tag","embeddable":true,"href":"https:\/\/diariodominicano.com\/index.php?rest_route=%2Fwp%2Fv2%2Ftags&post=92584"}],"curies":[{"name":"wp","href":"https:\/\/api.w.org\/{rel}","templated":true}]}}