{"id":92582,"date":"2008-07-21T21:54:14","date_gmt":"2008-07-21T21:54:14","guid":{"rendered":"http:\/\/diariodominicano.ddns.net\/?p=92582"},"modified":"2008-07-21T21:54:14","modified_gmt":"2008-07-21T21:54:14","slug":"incluyen-el-documental-de-television-en-premio-de-periodismo-turistico","status":"publish","type":"post","link":"https:\/\/diariodominicano.com\/?p=92582","title":{"rendered":"Incluyen el documental de televisi\u00f3n en premio de periodismo tur\u00edstico"},"content":{"rendered":"<p><body><\/p>\n<p align=\"justify\"><span class=\"titulogrande1\"><strong>Incluyen el documental de televisi\u00f3n en  premio de periodismo tur\u00edstico <\/strong>\u00a0<\/span><br \/>&#13;<br \/>\n  <br \/>&#13;<br \/>\n    <span class=\"text1noticias\"><strong><img loading=\"lazy\" decoding=\"async\" src=\"http:\/\/localhost:8080\/gente\/img\/periodismo turistico.jpg\" width=\"375\" height=\"585\" hspace=\"4\" align=\"left\" \/>SANTO DOMINGO.- <\/strong>La cadena Occidental Hotels  &amp; Resorts y la   Asociaci\u00f3n Dominicana de Prensa Tur\u00edstica (ADOMPRETUR),  anunciaron la inclusi\u00f3n del \u201cMejor documental de televisi\u00f3n sobre turismo\u201d en  el Premio Nacional de Periodismo Tur\u00edstico \u201cEpifanio Lant\u00edgua\u201d.<br \/>&#13;<br \/>\n    <br \/>&#13;<br \/>\n    Los patrocinadores del certamen, que tambi\u00e9n  incluye a la Fundaci\u00f3n   Juan Luis Guerra, invitaron a los productores y a los canales  de televisi\u00f3n a presentar sus trabajos especiales en el g\u00e9nero documental  relacionados con el \u00a0turismo. <br \/>&#13;<br \/>\n    <br \/>&#13;<br \/>\n    El premio solo tomaba en cuenta las  producciones period\u00edsticas sobre el turismo en televisi\u00f3n, radio, medios  impresos y medios digitales; adem\u00e1s reconoce al comunicador establecido en la  provincia Puerto Plata que se distinga por sus aportes al desarrollo de la  industria tur\u00edstica o por alg\u00fan trabajo period\u00edstico en particular.<br \/>&#13;<br \/>\n    <br \/>&#13;<br \/>\n    Otro premio es una \u201cMenci\u00f3n del Jurado\u201d que  se otorga para reconocer un medio de comunicaci\u00f3n por haberse distinguido en su  cobertura de los acontecimientos de la industria tur\u00edstica. Los fondos  recaudados se entregan a la   Fundaci\u00f3n Juan Luis Guerra. <br \/>&#13;<br \/>\n    <br \/>&#13;<br \/>\n    Inicialmente en sus primeras tres ediciones  el premio estaba limitado a los trabajos period\u00edsticos sobre el turismo en  Puerto Plata. El a\u00f1o pasado al llegar a cuarto a\u00f1o, realiz\u00f3 su primera edici\u00f3n  ampliada para premiar los trabajos period\u00edsticos sobre el turismo en todo el  pa\u00eds. Para este a\u00f1o suma el documental de televisi\u00f3n, para ofrecer premios en  cinco categor\u00edas. A uno de los cinco comunicadores premiados se le entrega  adem\u00e1s el \u201cGran Premio\u201d. <br \/>&#13;<br \/>\n\u00a0\u00a0\u00a0\u00a0\u00a0\u00a0\u00a0\u00a0\u00a0  \u00a0<br \/>&#13;<br \/>\n Cada ganador recibe un certificado, la  estatuilla del premio, unas vacaciones para dos personas en un hotel Occidental  del pa\u00eds y\u00a0 RD$30,000. El favorecido con el Gran Premio, recibe la  estatuilla del \u201cGran Premio\u201d y unas vacaciones para dos personas en un hotel  Occidental en M\u00e9xico.<br \/>&#13;<br \/>\n<br \/>&#13;<br \/>\nSeg\u00fan la convocatoria 2008, podr\u00e1n participar  los trabajos period\u00edsticos difundidos o publicados entre el 1 de agosto del  2007 y el 31 de julio del 2008. \u00a0La fecha de cierre para depositar los  trabajos es el 19 de agosto. Los galardones ser\u00e1n entregados en la Cena de Gala programada para  el 16 de septiembre, mes en el que se celebra el D\u00eda Internacional del Turismo. <br \/>&#13;<br \/>\n<br \/>&#13;<br \/>\nEn la premiaci\u00f3n del 2007 resultaron ganadores  Jos\u00e9 Rafael Sosa, categor\u00eda prensa escrita; Geraldino Gonz\u00e1lez, categor\u00eda  televisi\u00f3n; Yaniris L\u00f3pez, categor\u00eda digital; Javier Noguera, categor\u00eda radio y  Augusto V\u00e1squez, categor\u00eda Puerto Plata. Tambi\u00e9n recibieron menciones William  Rodr\u00edguez, de SIN; Soranyi Campa\u00f1a; Desir\u00e9e Mart\u00ednez y el reconocimiento al  medio que le fue otorgado a la Revista Boh\u00edo.<\/span><\/p>\n<p>&#13;<\/p>\n<h6> 2008-07-21 21:54:14 <\/h6>\n<p><!--\n<link rel=\"stylesheet\" href=\"css\/bootstrap.min.css\">\n\n\n<ul class=\"pagination\">\n\t    \n\t\n\n<li >\n\t<a href='?page_no=21203'>Previous<\/a>\n\t<\/li>\n\n\n       \n    \n\n<li><a href='?page_no=1'>1<\/a><\/li>\n\n\n\n<li><a href='?page_no=2'>2<\/a><\/li>\n\n\n\n<li><a>...<\/a><\/li>\n\n\n\n<li><a href='?page_no=21202'>21202<\/a><\/li>\n\n\n\n<li><a href='?page_no=21203'>21203<\/a><\/li>\n\n\n\n<li class='active'><a>21204<\/a><\/li>\n\n\n\n<li><a href='?page_no=21205'>21205<\/a><\/li>\n\n\n\n<li><a href='?page_no=21206'>21206<\/a><\/li>\n\n\n\n<li><a>...<\/a><\/li>\n\n\n\n<li><a href='?page_no=22522'>22522<\/a><\/li>\n\n\n\n<li><a href='?page_no=22523'>22523<\/a><\/li>\n\n    \n\t\n\n<li >\n\t<a href='?page_no=21205'>Next<\/a>\n\t<\/li>\n\n\n    \n\n<li><a href='?page_no=22523'>Last &rsaquo;&rsaquo;<\/a><\/li>\n\n<\/ul>\n\n\n--><br \/>\n<\/body><\/p>\n","protected":false},"excerpt":{"rendered":"<p>Incluyen el documental de televisi\u00f3n en premio de periodismo tur\u00edstico \u00a0&#13; &#13; SANTO DOMINGO.- La cadena Occidental Hotels &amp; Resorts y la Asociaci\u00f3n Dominicana de Prensa Tur\u00edstica (ADOMPRETUR), anunciaron la inclusi\u00f3n del \u201cMejor documental de televisi\u00f3n sobre turismo\u201d en el Premio Nacional de Periodismo Tur\u00edstico \u201cEpifanio Lant\u00edgua\u201d.&#13; &#13; Los patrocinadores del certamen, que tambi\u00e9n incluye [&hellip;]<\/p>\n","protected":false},"author":3,"featured_media":0,"comment_status":"open","ping_status":"open","sticky":false,"template":"","format":"standard","meta":{"footnotes":""},"categories":[25],"tags":[],"class_list":["post-92582","post","type-post","status-publish","format-standard","hentry","category-gente"],"_links":{"self":[{"href":"https:\/\/diariodominicano.com\/index.php?rest_route=\/wp\/v2\/posts\/92582","targetHints":{"allow":["GET"]}}],"collection":[{"href":"https:\/\/diariodominicano.com\/index.php?rest_route=\/wp\/v2\/posts"}],"about":[{"href":"https:\/\/diariodominicano.com\/index.php?rest_route=\/wp\/v2\/types\/post"}],"author":[{"embeddable":true,"href":"https:\/\/diariodominicano.com\/index.php?rest_route=\/wp\/v2\/users\/3"}],"replies":[{"embeddable":true,"href":"https:\/\/diariodominicano.com\/index.php?rest_route=%2Fwp%2Fv2%2Fcomments&post=92582"}],"version-history":[{"count":0,"href":"https:\/\/diariodominicano.com\/index.php?rest_route=\/wp\/v2\/posts\/92582\/revisions"}],"wp:attachment":[{"href":"https:\/\/diariodominicano.com\/index.php?rest_route=%2Fwp%2Fv2%2Fmedia&parent=92582"}],"wp:term":[{"taxonomy":"category","embeddable":true,"href":"https:\/\/diariodominicano.com\/index.php?rest_route=%2Fwp%2Fv2%2Fcategories&post=92582"},{"taxonomy":"post_tag","embeddable":true,"href":"https:\/\/diariodominicano.com\/index.php?rest_route=%2Fwp%2Fv2%2Ftags&post=92582"}],"curies":[{"name":"wp","href":"https:\/\/api.w.org\/{rel}","templated":true}]}}