{"id":92578,"date":"2008-07-22T17:30:43","date_gmt":"2008-07-22T17:30:43","guid":{"rendered":"http:\/\/diariodominicano.ddns.net\/?p=92578"},"modified":"2008-07-22T17:30:43","modified_gmt":"2008-07-22T17:30:43","slug":"parte-de-mi-vida-de-freddy-beras-vende-mas-de-siete-mil-ejemplares","status":"publish","type":"post","link":"https:\/\/diariodominicano.com\/?p=92578","title":{"rendered":"\u00abParte de mi Vida\u00bb de Freddy Beras, vende m\u00e1s de siete mil ejemplares"},"content":{"rendered":"<p><body><\/p>\n<p align=\"justify\"><span class=\"titulogrande1\">\u00abParte de mi Vida\u00bb  de Freddy Beras, vende m\u00e1s de siete mil ejemplares<\/span><br \/>&#13;<br \/>\n\u00a0<br \/>&#13;<br \/>\n<span class=\"text1noticias\"><strong><img loading=\"lazy\" decoding=\"async\" src=\"http:\/\/localhost:8080\/gente\/img\/fredi libro.jpg\" width=\"375\" height=\"252\" hspace=\"4\" align=\"left\" \/>Santo Domingo.- <\/strong>Freddy Beras Goico sigue promoviendo su libro \u00abParte de mi  Vida\u00bb y anuncia que Santiago y La   Vega son las pr\u00f3ximas ciudades donde pondr\u00e1 a circular la  obra que ha logrado vender m\u00e1s de siete mil ejemplares en Santo Domingo tras su  lanzamiento el pasado mes de abril.<br \/>&#13;<br \/>\n  \u00a0<br \/>&#13;<br \/>\n  Y es que el libro est\u00e1  saliendo como pan caliente de las librer\u00edas presionando a tal punto las ventas  que en Providence, Estados Unidos,\u00a0 tuvo  que abrirse la pre-venta durante una concentraci\u00f3n evang\u00e9lica hecha en el fin  de semana, organizada por el pastor Antonio Aquino en la cual Freddy y Boruga  hicieron un show ben\u00e9fico.<br \/>&#13;<br \/>\n  \u00a0<br \/>&#13;<br \/>\n  Si bien es cierto que todav\u00eda  no tiene fecha definida para la presentaci\u00f3n formal en la principal potencia  del mundo hasta no concluir el cronograma local de presentaciones, el productor  de \u00abCon Freddy y punto&#8230;\u00bb planifica hacer una tirada especial del  libro \u00abParte de mi Vida\u00bb que corra en Miami, New York, Puerto Rico y  Boston este a\u00f1o, a ra\u00edz de la creciente demanda que tiene.<br \/>&#13;<br \/>\n  \u00a0<br \/>&#13;<br \/>\n\u00abMe siento muy contento  con todo lo que pasa con el libro y espero que la gente lo siga apoyando y le  sirva como un testimonio de vida\u00bb, refiri\u00f3 Beras Goico.<br \/>&#13;<br \/>\n  \u00a0<br \/>&#13;<br \/>\n\u00abEl humorista se  encuentra en Boston, recibiendo los chequeos m\u00e9dicos rutinarios a los que cada  seis meses se somete en el Mass. General Hospital y seg\u00fan dijo, los resultados  han sido excelentes.<br \/>&#13;<br \/>\n  \u00a0<br \/>&#13;<br \/>\n\u00abNuevamente el Se\u00f1or  Jes\u00fas ha ratificado su sanidad total en m\u00ed y me siento como un ca\u00f1\u00f3n listo para  la batalla\u00bb, expres\u00f3 la primera figura de la televisi\u00f3n dominicana en una  nota enviada por mail.<br \/>&#13;<br \/>\n  \u00a0<br \/>&#13;<br \/>\n  De igual forma indic\u00f3 que el  mi\u00e9rcoles 23 de los corrientes viajar\u00e1 a New York para visitar a sus amigos  Luisito Mart\u00ed y Jos\u00e9 Guillermo Sued quienes reciben tratamiento m\u00e9dico en el  Memorial Sloan-Kettering Cancer Center de esa ciudad, mas no est\u00e1n internos  all\u00ed.<br \/>&#13;<br \/>\n  \u00a0<br \/>&#13;<br \/>\nAsimismo dej\u00f3 saber que  aprovechar\u00e1 el viaje para disfrutar de algunos musicales de Broadway,  incluyendo uno donde se personifica el perfil del bodeguero dominicano y para  el s\u00e1bado 26 estar\u00e1 de regreso en Rep\u00fablica Dominicana.<\/span><\/p>\n<p>&#13;<\/p>\n<h6> 2008-07-22 17:30:43 <\/h6>\n<p><!--\n<link rel=\"stylesheet\" href=\"css\/bootstrap.min.css\">\n\n\n<ul class=\"pagination\">\n\t    \n\t\n\n<li >\n\t<a href='?page_no=21199'>Previous<\/a>\n\t<\/li>\n\n\n       \n    \n\n<li><a href='?page_no=1'>1<\/a><\/li>\n\n\n\n<li><a href='?page_no=2'>2<\/a><\/li>\n\n\n\n<li><a>...<\/a><\/li>\n\n\n\n<li><a href='?page_no=21198'>21198<\/a><\/li>\n\n\n\n<li><a href='?page_no=21199'>21199<\/a><\/li>\n\n\n\n<li class='active'><a>21200<\/a><\/li>\n\n\n\n<li><a href='?page_no=21201'>21201<\/a><\/li>\n\n\n\n<li><a href='?page_no=21202'>21202<\/a><\/li>\n\n\n\n<li><a>...<\/a><\/li>\n\n\n\n<li><a href='?page_no=22522'>22522<\/a><\/li>\n\n\n\n<li><a href='?page_no=22523'>22523<\/a><\/li>\n\n    \n\t\n\n<li >\n\t<a href='?page_no=21201'>Next<\/a>\n\t<\/li>\n\n\n    \n\n<li><a href='?page_no=22523'>Last &rsaquo;&rsaquo;<\/a><\/li>\n\n<\/ul>\n\n\n--><br \/>\n<\/body><\/p>\n","protected":false},"excerpt":{"rendered":"<p>\u00abParte de mi Vida\u00bb de Freddy Beras, vende m\u00e1s de siete mil ejemplares&#13; \u00a0&#13; Santo Domingo.- Freddy Beras Goico sigue promoviendo su libro \u00abParte de mi Vida\u00bb y anuncia que Santiago y La Vega son las pr\u00f3ximas ciudades donde pondr\u00e1 a circular la obra que ha logrado vender m\u00e1s de siete mil ejemplares en Santo [&hellip;]<\/p>\n","protected":false},"author":3,"featured_media":0,"comment_status":"open","ping_status":"open","sticky":false,"template":"","format":"standard","meta":{"footnotes":""},"categories":[25],"tags":[],"class_list":["post-92578","post","type-post","status-publish","format-standard","hentry","category-gente"],"_links":{"self":[{"href":"https:\/\/diariodominicano.com\/index.php?rest_route=\/wp\/v2\/posts\/92578","targetHints":{"allow":["GET"]}}],"collection":[{"href":"https:\/\/diariodominicano.com\/index.php?rest_route=\/wp\/v2\/posts"}],"about":[{"href":"https:\/\/diariodominicano.com\/index.php?rest_route=\/wp\/v2\/types\/post"}],"author":[{"embeddable":true,"href":"https:\/\/diariodominicano.com\/index.php?rest_route=\/wp\/v2\/users\/3"}],"replies":[{"embeddable":true,"href":"https:\/\/diariodominicano.com\/index.php?rest_route=%2Fwp%2Fv2%2Fcomments&post=92578"}],"version-history":[{"count":0,"href":"https:\/\/diariodominicano.com\/index.php?rest_route=\/wp\/v2\/posts\/92578\/revisions"}],"wp:attachment":[{"href":"https:\/\/diariodominicano.com\/index.php?rest_route=%2Fwp%2Fv2%2Fmedia&parent=92578"}],"wp:term":[{"taxonomy":"category","embeddable":true,"href":"https:\/\/diariodominicano.com\/index.php?rest_route=%2Fwp%2Fv2%2Fcategories&post=92578"},{"taxonomy":"post_tag","embeddable":true,"href":"https:\/\/diariodominicano.com\/index.php?rest_route=%2Fwp%2Fv2%2Ftags&post=92578"}],"curies":[{"name":"wp","href":"https:\/\/api.w.org\/{rel}","templated":true}]}}