{"id":92577,"date":"2008-07-22T17:35:53","date_gmt":"2008-07-22T17:35:53","guid":{"rendered":"http:\/\/diariodominicano.ddns.net\/?p=92577"},"modified":"2008-07-22T17:35:53","modified_gmt":"2008-07-22T17:35:53","slug":"las-millonarias-y-desiguales-piernas-de-heidi-klum","status":"publish","type":"post","link":"https:\/\/diariodominicano.com\/?p=92577","title":{"rendered":"Las millonarias (y desiguales) piernas de Heidi Klum"},"content":{"rendered":"<p><body><\/p>\n<p align=\"justify\"><strong class=\"titulogrande1\">Las millonarias (y desiguales) piernas de Heidi Klum<\/strong><br \/>&#13;<br \/>\n  <br \/>&#13;<br \/>\n    <span class=\"text1noticias\">La modelo alemana ha asegurado su pierna derecha por un mill\u00f3n 200.000  d\u00f3lares&#8230; y la izquierda, por un mill\u00f3n <br \/>&#13;<br \/>\n    <br \/>&#13;<br \/>\n    <strong>ELPA\u00cdS.com<\/strong> &#8211; Madrid &#8211; 22\/07\/2008 <\/span><\/p>\n<p>&#13;<\/p>\n<p align=\"justify\" class=\"text1noticias\"><img loading=\"lazy\" decoding=\"async\" src=\"http:\/\/localhost:8080\/gente\/img\/klum piernas.jpg\" width=\"375\" height=\"510\" hspace=\"4\" align=\"left\" \/>El \u00faltimo trabajo publicitario de  Heidi Klum para la marca de depiladoras Braun ha dejado en evidencia la  desigualdad del precio de las piernas de la modelo. <br \/>&#13;<br \/>\n  <br \/>&#13;<br \/>\n  Cada una de sus piernas iba  a ser asegurada por un mill\u00f3n 200.000 d\u00f3lares, pero, como en la izquierda la  modelo tiene una peque\u00f1a cicatriz sobre la rodilla, ha tenido que rebajar  200.000 d\u00f3lares su tarifa. En total, alrededor de dos millones de euros.<br \/>&#13;<br \/>\n  <br \/>&#13;<br \/>\n  La supermodelo alemana, que adem\u00e1s  de firmar millonarios contratos es conductora de un programa de moda y  dise\u00f1adora de joyas, ha declarado que, por peque\u00f1a que sea, le ha resultado  imposible ocultar la cicatriz. \u00abMe examinaron en Londres. Vino un t\u00edo e inspeccion\u00f3  detalladamente cada una de mis piernas\u00bb, ha dicho Klum.<\/p>\n<p>&#13;<\/p>\n<h6> 2008-07-22 17:35:53 <\/h6>\n<p><!--\n<link rel=\"stylesheet\" href=\"css\/bootstrap.min.css\">\n\n\n<ul class=\"pagination\">\n\t    \n\t\n\n<li >\n\t<a href='?page_no=21198'>Previous<\/a>\n\t<\/li>\n\n\n       \n    \n\n<li><a href='?page_no=1'>1<\/a><\/li>\n\n\n\n<li><a href='?page_no=2'>2<\/a><\/li>\n\n\n\n<li><a>...<\/a><\/li>\n\n\n\n<li><a href='?page_no=21197'>21197<\/a><\/li>\n\n\n\n<li><a href='?page_no=21198'>21198<\/a><\/li>\n\n\n\n<li class='active'><a>21199<\/a><\/li>\n\n\n\n<li><a href='?page_no=21200'>21200<\/a><\/li>\n\n\n\n<li><a href='?page_no=21201'>21201<\/a><\/li>\n\n\n\n<li><a>...<\/a><\/li>\n\n\n\n<li><a href='?page_no=22522'>22522<\/a><\/li>\n\n\n\n<li><a href='?page_no=22523'>22523<\/a><\/li>\n\n    \n\t\n\n<li >\n\t<a href='?page_no=21200'>Next<\/a>\n\t<\/li>\n\n\n    \n\n<li><a href='?page_no=22523'>Last &rsaquo;&rsaquo;<\/a><\/li>\n\n<\/ul>\n\n\n--><br \/>\n<\/body><\/p>\n","protected":false},"excerpt":{"rendered":"<p>Las millonarias (y desiguales) piernas de Heidi Klum&#13; &#13; La modelo alemana ha asegurado su pierna derecha por un mill\u00f3n 200.000 d\u00f3lares&#8230; y la izquierda, por un mill\u00f3n &#13; &#13; ELPA\u00cdS.com &#8211; Madrid &#8211; 22\/07\/2008 &#13; El \u00faltimo trabajo publicitario de Heidi Klum para la marca de depiladoras Braun ha dejado en evidencia la desigualdad [&hellip;]<\/p>\n","protected":false},"author":3,"featured_media":0,"comment_status":"open","ping_status":"open","sticky":false,"template":"","format":"standard","meta":{"footnotes":""},"categories":[25],"tags":[],"class_list":["post-92577","post","type-post","status-publish","format-standard","hentry","category-gente"],"_links":{"self":[{"href":"https:\/\/diariodominicano.com\/index.php?rest_route=\/wp\/v2\/posts\/92577","targetHints":{"allow":["GET"]}}],"collection":[{"href":"https:\/\/diariodominicano.com\/index.php?rest_route=\/wp\/v2\/posts"}],"about":[{"href":"https:\/\/diariodominicano.com\/index.php?rest_route=\/wp\/v2\/types\/post"}],"author":[{"embeddable":true,"href":"https:\/\/diariodominicano.com\/index.php?rest_route=\/wp\/v2\/users\/3"}],"replies":[{"embeddable":true,"href":"https:\/\/diariodominicano.com\/index.php?rest_route=%2Fwp%2Fv2%2Fcomments&post=92577"}],"version-history":[{"count":0,"href":"https:\/\/diariodominicano.com\/index.php?rest_route=\/wp\/v2\/posts\/92577\/revisions"}],"wp:attachment":[{"href":"https:\/\/diariodominicano.com\/index.php?rest_route=%2Fwp%2Fv2%2Fmedia&parent=92577"}],"wp:term":[{"taxonomy":"category","embeddable":true,"href":"https:\/\/diariodominicano.com\/index.php?rest_route=%2Fwp%2Fv2%2Fcategories&post=92577"},{"taxonomy":"post_tag","embeddable":true,"href":"https:\/\/diariodominicano.com\/index.php?rest_route=%2Fwp%2Fv2%2Ftags&post=92577"}],"curies":[{"name":"wp","href":"https:\/\/api.w.org\/{rel}","templated":true}]}}