{"id":92574,"date":"2008-07-22T19:29:14","date_gmt":"2008-07-22T19:29:14","guid":{"rendered":"http:\/\/diariodominicano.ddns.net\/?p=92574"},"modified":"2008-07-22T19:29:14","modified_gmt":"2008-07-22T19:29:14","slug":"daddy-yankee-y-john-leguizamo-entre-los-protagonistas-de-festival-latino","status":"publish","type":"post","link":"https:\/\/diariodominicano.com\/?p=92574","title":{"rendered":"Daddy Yankee y John Leguizamo, entre los protagonistas de Festival Latino"},"content":{"rendered":"<p><body><\/p>\n<p class=\"titulogrande1\">Daddy  Yankee y John Leguizamo, entre los protagonistas de Festival Latino<\/p>\n<p>&#13;<\/p>\n<p align=\"justify\" class=\"text1noticias\"><strong>Nueva  York.-<\/strong> El  Festival Internacional de Cine Latino de Nueva York cuenta en su novena  edici\u00f3n, que hoy comienza, con artistas como el puertorrique\u00f1o Daddy Yankee y  el colombiano John Leguizamo, adem\u00e1s de un apartado dedicado al cine de M\u00e9xico.<br \/>&#13;<br \/>\n  <br \/>&#13;<br \/>\n  Desde  hoy hasta el 27 de julio, se proyectar\u00e1n en el festival, m\u00e1s de cien pel\u00edculas,  documentales y cortos, muchos aun no estrenadas, como la elegida para la apertura,  \u00abAmerican Son\u00bb, dirigida por Neil Abramson y protagonizada por  Melonie D\u00edaz y Jay Hern\u00e1ndez.<br \/>&#13;<br \/>\n  <br \/>&#13;<br \/>\n  John  Leguizamo y Harvey Keitel protagonizar\u00e1n la clausura del festival, en la que se  exhibir\u00e1 \u00abThe Ministers\u00bb, bajo la direcci\u00f3n de Franc Reyes.<br \/>&#13;<br \/>\n  <br \/>&#13;<br \/>\n  El  famoso cantante de reguet\u00f3n Daddy Yankee acapara buena parte de la atenci\u00f3n de  este festival con su papel en \u00abTalento de barrio\u00bb, dirigida por Jos\u00e9  Iv\u00e1n Santiago y George Rivera, filmada en Puerto y que se estrena ma\u00f1ana,  mi\u00e9rcoles.<br \/>&#13;<br \/>\n  <br \/>&#13;<br \/>\n  En  ella el reguetonero es Edgar Dinero, un incomprendido de los barrios bajos de  la isla que deber\u00e1 decidir entre la vida callejera del vecindario de su ni\u00f1ez y  su ambici\u00f3n de ser algo m\u00e1s.<br \/>&#13;<br \/>\n  <br \/>&#13;<br \/>\n  El  int\u00e9rprete de \u00abLa gasolina\u00bb y \u00abRompe\u00bb ha asegurado que la  pel\u00edcula no se basa en su vida, pero que representa lo que pasan muchos  artistas para destacarse en el g\u00e9nero urbano del reguet\u00f3n.<br \/>&#13;<br \/>\n  <br \/>&#13;<br \/>\n  Para  el director ejecutivo del festival, Calixto Chinchilla, los muchos talentos que  se esperan esta semana son \u00abbuena muestra del impacto que est\u00e1n generando los  latinos en la industria del cine, tanto fuera como dentro de Hollywood\u00bb.<br \/>&#13;<br \/>\n  <br \/>&#13;<br \/>\n  Otro  estreno ser\u00e1 \u00abDays of Wrath\u00bb con Wilmer Valderrama, Laurence  Fishburne, Taye Diggs y Ana Talanc\u00f3n, dirigida por Celia Fox, y en el que Los  \u00c1ngeles se convierte en el escenario de una guerra entre pandillas  afroamericanas y latinas tras el robo del auto de una estrella de rap y el  asesinato de una madre.<br \/>&#13;<br \/>\n  <br \/>&#13;<br \/>\n  El  p\u00fablico podr\u00e1 ver adem\u00e1s el estreno de \u00abBig Pun: The Legacy\u00bb, un  retrato del inolvidable rapero que muri\u00f3 en 2000, dirigida por Vlad Yudin y que  presenta entrevistas a la actriz Rosie P\u00e9rez, DMX, Method Man, Xzibit, Snoop  Dogg y Juelz Santana, entre otros.<br \/>&#13;<br \/>\n  <br \/>&#13;<br \/>\n  Tambi\u00e9n  \u00abThe Ministers\u00bb que presenta a dos hermanos gemelos empe\u00f1ados en  vengarse de los asesinos de su familia, pero uno de ellos se involucra con una  detective (Florencia Lozano) que investiga una serie de asesinatos.<br \/>&#13;<br \/>\n  <br \/>&#13;<br \/>\n  Habr\u00e1  tambi\u00e9n una proyecci\u00f3n especial de \u00abCelia The Queen\u00bb, de los  directores Joe Cardona y Mario de Varona, que cuenta la historia de la  inolvidable \u00abreina de la salsa\u00bb cubana, Celia Cruz.<br \/>&#13;<br \/>\n  <br \/>&#13;<br \/>\n  Adem\u00e1s  de las pel\u00edculas, cortos y documentales, el Festival Internacional de Cine  Latino cuenta con una programaci\u00f3n especial denominada Cine Hola M\u00e9xico, que a  su vez presentar\u00e1 20 pel\u00edculas.<br \/>&#13;<br \/>\n  <br \/>&#13;<br \/>\n  Este  apartado especial del festival neoyorquino de cine latino se abre ma\u00f1ana con  \u00abLlamando a un \u00e1ngel\u00bb, que tuvo el premio de la audiencia en el  festival de cine de Guadalajara y est\u00e1 dirigida por Pancho Rodr\u00edguez, H\u00e9ctor  Rodr\u00edguez y Rodolfo Guzm\u00e1n, e interpretada por Luis Felipe Tovar, Julio Bracho  y M\u00f3nica Dionne.<br \/>&#13;<br \/>\n  <br \/>&#13;<br \/>\n  Este  filme cuenta la historia de tres personajes que no se conocen entre ellos, pero  que responden al mismo nombre, el de \u00c1ngeles Flores Fuentes, lo que da lugar a  confusiones y a tomar decisiones que cambiar\u00e1n sus vidas.<br \/>&#13;<br \/>\n  <br \/>&#13;<br \/>\n  Tambi\u00e9n  se proyectar\u00e1 en este apartado \u00ab3:19\u00bb, dirigida por Danny Saadia, y  protagonizada por el actor espa\u00f1ol Miguel \u00c1ngel Silvestre, junto a F\u00e9lix G\u00f3mez  y B\u00e1rbara Goenaga, y que ya ha tenido el premio al mejor director en el  Festival de Cine de M\u00e1laga (Espa\u00f1a).<br \/>&#13;<br \/>\n  <br \/>&#13;<br \/>\n\u00abMalos  h\u00e1bitos\u00bb, de Simon Bross, \u00abBajo Ju\u00e1rez: la ciudad devorando a sus  hijas\u00bb, de Alejandra S\u00e1nchez, \u00abFuera del cielo\u00bb, de Javier  \u00abFox\u00bb Patr\u00f3n o \u00abNi\u00f1as mal\u00bb, de Fernando Sari\u00f1ana, son  algunas otras de las pel\u00edculas mexicanas presentes en la Gran Manzana. <\/p>\n<p>&#13;<\/p>\n<h6> 2008-07-22 19:29:14 <\/h6>\n<p><!--\n<link rel=\"stylesheet\" href=\"css\/bootstrap.min.css\">\n\n\n<ul class=\"pagination\">\n\t    \n\t\n\n<li >\n\t<a href='?page_no=21195'>Previous<\/a>\n\t<\/li>\n\n\n       \n    \n\n<li><a href='?page_no=1'>1<\/a><\/li>\n\n\n\n<li><a href='?page_no=2'>2<\/a><\/li>\n\n\n\n<li><a>...<\/a><\/li>\n\n\n\n<li><a href='?page_no=21194'>21194<\/a><\/li>\n\n\n\n<li><a href='?page_no=21195'>21195<\/a><\/li>\n\n\n\n<li class='active'><a>21196<\/a><\/li>\n\n\n\n<li><a href='?page_no=21197'>21197<\/a><\/li>\n\n\n\n<li><a href='?page_no=21198'>21198<\/a><\/li>\n\n\n\n<li><a>...<\/a><\/li>\n\n\n\n<li><a href='?page_no=22522'>22522<\/a><\/li>\n\n\n\n<li><a href='?page_no=22523'>22523<\/a><\/li>\n\n    \n\t\n\n<li >\n\t<a href='?page_no=21197'>Next<\/a>\n\t<\/li>\n\n\n    \n\n<li><a href='?page_no=22523'>Last &rsaquo;&rsaquo;<\/a><\/li>\n\n<\/ul>\n\n\n--><br \/>\n<\/body><\/p>\n","protected":false},"excerpt":{"rendered":"<p>Daddy Yankee y John Leguizamo, entre los protagonistas de Festival Latino &#13; Nueva York.- El Festival Internacional de Cine Latino de Nueva York cuenta en su novena edici\u00f3n, que hoy comienza, con artistas como el puertorrique\u00f1o Daddy Yankee y el colombiano John Leguizamo, adem\u00e1s de un apartado dedicado al cine de M\u00e9xico.&#13; &#13; Desde hoy [&hellip;]<\/p>\n","protected":false},"author":3,"featured_media":0,"comment_status":"open","ping_status":"open","sticky":false,"template":"","format":"standard","meta":{"footnotes":""},"categories":[25],"tags":[],"class_list":["post-92574","post","type-post","status-publish","format-standard","hentry","category-gente"],"_links":{"self":[{"href":"https:\/\/diariodominicano.com\/index.php?rest_route=\/wp\/v2\/posts\/92574","targetHints":{"allow":["GET"]}}],"collection":[{"href":"https:\/\/diariodominicano.com\/index.php?rest_route=\/wp\/v2\/posts"}],"about":[{"href":"https:\/\/diariodominicano.com\/index.php?rest_route=\/wp\/v2\/types\/post"}],"author":[{"embeddable":true,"href":"https:\/\/diariodominicano.com\/index.php?rest_route=\/wp\/v2\/users\/3"}],"replies":[{"embeddable":true,"href":"https:\/\/diariodominicano.com\/index.php?rest_route=%2Fwp%2Fv2%2Fcomments&post=92574"}],"version-history":[{"count":0,"href":"https:\/\/diariodominicano.com\/index.php?rest_route=\/wp\/v2\/posts\/92574\/revisions"}],"wp:attachment":[{"href":"https:\/\/diariodominicano.com\/index.php?rest_route=%2Fwp%2Fv2%2Fmedia&parent=92574"}],"wp:term":[{"taxonomy":"category","embeddable":true,"href":"https:\/\/diariodominicano.com\/index.php?rest_route=%2Fwp%2Fv2%2Fcategories&post=92574"},{"taxonomy":"post_tag","embeddable":true,"href":"https:\/\/diariodominicano.com\/index.php?rest_route=%2Fwp%2Fv2%2Ftags&post=92574"}],"curies":[{"name":"wp","href":"https:\/\/api.w.org\/{rel}","templated":true}]}}