{"id":92571,"date":"2008-07-22T22:17:04","date_gmt":"2008-07-22T22:17:04","guid":{"rendered":"http:\/\/diariodominicano.ddns.net\/?p=92571"},"modified":"2008-07-22T22:17:04","modified_gmt":"2008-07-22T22:17:04","slug":"guayaquil-reune-grandes-estrellas-para-celebrar-su-dia","status":"publish","type":"post","link":"https:\/\/diariodominicano.com\/?p=92571","title":{"rendered":"Guayaquil re\u00fane grandes estrellas para celebrar su d\u00eda"},"content":{"rendered":"<p><body><\/p>\n<p class=\"titulogrande1\"><strong>Guayaquil re\u00fane grandes estrellas  para celebrar su d\u00eda<\/strong><\/p>\n<p>&#13;<\/p>\n<p align=\"justify\" class=\"text1noticias\"><strong>La ciudad m\u00e1s grande de Ecuador celebrar\u00e1 sus 473 a\u00f1os con un concierto multiestelar para 30 mil espectadores<\/strong><br \/>&#13;<br \/>\n  <br \/>&#13;<br \/>\n  <strong>Participar\u00e1n Luis Enrique de  Nicaragua, el cubano Ra\u00fal del Sol, el dominicano Kinito M\u00e9ndez y los artistas locales Mirella Cesa y Daniel Betancourth<\/strong><br \/>&#13;<br \/>\n  <br \/>&#13;<br \/>\n    <strong>El evento es organizado por la  Gobernaci\u00f3n del Guayas y se realizar\u00e1 el pr\u00f3ximo viernes 25 de julio<\/strong><br \/>&#13;<br \/>\n  <br \/>&#13;<br \/>\n  <strong><img loading=\"lazy\" decoding=\"async\" src=\"http:\/\/localhost:8080\/gente\/img\/guayaquile.jpg\" width=\"375\" height=\"258\" hspace=\"4\" align=\"left\" \/>Miami, FL.-<\/strong> La ciudad de Guayaquil  anticipa\u00a0la celebraci\u00f3n de su natalicio al estilo de las grandes capitales  del mundo. El pr\u00f3ximo viernes 25 de julio, la ciudad m\u00e1s grande de Ecuador  realizar\u00e1 un concierto multiestelar para festejar los 473 a\u00f1os de su fundaci\u00f3n.<br \/>&#13;<br \/>\n  <br \/>&#13;<br \/>\n  Organizado por la Gobernaci\u00f3n de la provincia del Guayas,  encabezada por la figura de su gobernador, el economista <strong>Leonardo Vicu\u00f1a Izquierdo<\/strong>, el evento tambi\u00e9n contar\u00e1 con altos  mandatarios del gobierno de Ecuador y los talentosos <strong>Luis Enrique<\/strong> de Nicaragua, el cubano <strong>Ra\u00fal del Sol<\/strong>, el dominicano <strong>Kinito  M\u00e9ndez<\/strong> y los artistas guayaquile\u00f1os <strong>Mirella  Cesa<\/strong> y <strong>Daniel Betancourth<\/strong>. El  espect\u00e1culo ser\u00e1 conducido por el conocido animador de televisi\u00f3n, <strong>Roberto Angelelli,<\/strong> acompa\u00f1ado del  popular grupo de baile de <strong>Wilson Dance<\/strong>.<br \/>&#13;<br \/>\n  <br \/>&#13;<br \/>\n  El concierto comenzar\u00e1 a las 8 de la noche del 25 de julio y  se realizar\u00e1 en las afueras del Instituto T\u00e9cnico Superior \u201cGuayaquil\u201d. Se  estima que m\u00e1s de 30 mil personas lleguen a esta gran fiesta con entrada  gratuita.<br \/>&#13;<br \/>\n  <br \/>&#13;<br \/>\n  Guayaquil es la ciudad m\u00e1s poblada de Ecuador con un  estimado de 3 millones 329 mil habitantes en su \u00e1rea metropolitana. Es cabecera  del cant\u00f3n Guayaquil y la capital de la provincia del Guayas. Su estilo de vida  da muestras de su diversidad cultural, un marcado crecimiento y una de las  ciudades m\u00e1s importantes del comercio del pa\u00eds. La ciudad fue fundada el 25 de  julio de 1535, d\u00eda del Ap\u00f3stol Santiago.<br \/>&#13;<br \/>\n  <br \/>&#13;<br \/>\nTodo Latinoam\u00e9rica celebra junto a los guayaquile\u00f1os el d\u00eda  de su ciudad y se suman a este evento musical internacional.<\/p>\n<p>&#13;<\/p>\n<h6> 2008-07-22 22:17:04 <\/h6>\n<p><!--\n<link rel=\"stylesheet\" href=\"css\/bootstrap.min.css\">\n\n\n<ul class=\"pagination\">\n\t    \n\t\n\n<li >\n\t<a href='?page_no=21192'>Previous<\/a>\n\t<\/li>\n\n\n       \n    \n\n<li><a href='?page_no=1'>1<\/a><\/li>\n\n\n\n<li><a href='?page_no=2'>2<\/a><\/li>\n\n\n\n<li><a>...<\/a><\/li>\n\n\n\n<li><a href='?page_no=21191'>21191<\/a><\/li>\n\n\n\n<li><a href='?page_no=21192'>21192<\/a><\/li>\n\n\n\n<li class='active'><a>21193<\/a><\/li>\n\n\n\n<li><a href='?page_no=21194'>21194<\/a><\/li>\n\n\n\n<li><a href='?page_no=21195'>21195<\/a><\/li>\n\n\n\n<li><a>...<\/a><\/li>\n\n\n\n<li><a href='?page_no=22522'>22522<\/a><\/li>\n\n\n\n<li><a href='?page_no=22523'>22523<\/a><\/li>\n\n    \n\t\n\n<li >\n\t<a href='?page_no=21194'>Next<\/a>\n\t<\/li>\n\n\n    \n\n<li><a href='?page_no=22523'>Last &rsaquo;&rsaquo;<\/a><\/li>\n\n<\/ul>\n\n\n--><br \/>\n<\/body><\/p>\n","protected":false},"excerpt":{"rendered":"<p>Guayaquil re\u00fane grandes estrellas para celebrar su d\u00eda &#13; La ciudad m\u00e1s grande de Ecuador celebrar\u00e1 sus 473 a\u00f1os con un concierto multiestelar para 30 mil espectadores&#13; &#13; Participar\u00e1n Luis Enrique de Nicaragua, el cubano Ra\u00fal del Sol, el dominicano Kinito M\u00e9ndez y los artistas locales Mirella Cesa y Daniel Betancourth&#13; &#13; El evento es [&hellip;]<\/p>\n","protected":false},"author":3,"featured_media":0,"comment_status":"open","ping_status":"open","sticky":false,"template":"","format":"standard","meta":{"footnotes":""},"categories":[25],"tags":[],"class_list":["post-92571","post","type-post","status-publish","format-standard","hentry","category-gente"],"_links":{"self":[{"href":"https:\/\/diariodominicano.com\/index.php?rest_route=\/wp\/v2\/posts\/92571","targetHints":{"allow":["GET"]}}],"collection":[{"href":"https:\/\/diariodominicano.com\/index.php?rest_route=\/wp\/v2\/posts"}],"about":[{"href":"https:\/\/diariodominicano.com\/index.php?rest_route=\/wp\/v2\/types\/post"}],"author":[{"embeddable":true,"href":"https:\/\/diariodominicano.com\/index.php?rest_route=\/wp\/v2\/users\/3"}],"replies":[{"embeddable":true,"href":"https:\/\/diariodominicano.com\/index.php?rest_route=%2Fwp%2Fv2%2Fcomments&post=92571"}],"version-history":[{"count":0,"href":"https:\/\/diariodominicano.com\/index.php?rest_route=\/wp\/v2\/posts\/92571\/revisions"}],"wp:attachment":[{"href":"https:\/\/diariodominicano.com\/index.php?rest_route=%2Fwp%2Fv2%2Fmedia&parent=92571"}],"wp:term":[{"taxonomy":"category","embeddable":true,"href":"https:\/\/diariodominicano.com\/index.php?rest_route=%2Fwp%2Fv2%2Fcategories&post=92571"},{"taxonomy":"post_tag","embeddable":true,"href":"https:\/\/diariodominicano.com\/index.php?rest_route=%2Fwp%2Fv2%2Ftags&post=92571"}],"curies":[{"name":"wp","href":"https:\/\/api.w.org\/{rel}","templated":true}]}}