{"id":92569,"date":"2008-07-23T20:18:40","date_gmt":"2008-07-23T20:18:40","guid":{"rendered":"http:\/\/diariodominicano.ddns.net\/?p=92569"},"modified":"2008-07-23T20:18:40","modified_gmt":"2008-07-23T20:18:40","slug":"la-reina-del-merengue-milly-quezada-es-reconocida-por-el-estado-de-massachusetts","status":"publish","type":"post","link":"https:\/\/diariodominicano.com\/?p=92569","title":{"rendered":"La \u00abReina del Merengue\u00bb, Milly Quezada, es reconocida por el estado de Massachusetts"},"content":{"rendered":"<p><body><\/p>\n<p align=\"justify\"><span class=\"titulogrande1\">La \u00abReina del Merengue\u00bb, Milly  Quezada, es reconocida por el estado de Massachusetts<\/span><br \/>&#13;<br \/>\n  \u00a0<br \/>&#13;<br \/>\n  <span class=\"text1noticias\">La merenguera es confirmada figura central  del Verano Presidente<br \/>&#13;<br \/>\n  \u00a0<br \/>&#13;<br \/>\n  <strong><img loading=\"lazy\" decoding=\"async\" src=\"http:\/\/localhost:8080\/gente\/img\/mily quezada.jpg\" width=\"375\" height=\"814\" hspace=\"4\" align=\"left\" \/>Santo Domingo.-<\/strong> El  pasado viernes 18 de julio, durante su presentaci\u00f3n en Holyoke,\u00a0 \u00abLa Reina del Merengue\u00bb Milly Quezada fue  sorprendida con sendos reconocimientos hechos por la Casa de Representantes del  Estado de Massachusetts, y su dirigente vocal el Sr. Salvatore J. Di Masi; el  Sr. John W. Olver, miembro del Congreso de los USA y el honorable Alcalde de  Holyoke,\u00a0 Michael J. Sullivan.<br \/>&#13;<br \/>\n  \u00a0<br \/>&#13;<br \/>\n  Durante el acto las autoridades de la  localidad exaltaron su trayectoria art\u00edstica e invaluable servicio a la  comunidad diciendo que Milly es un ejemplo como artista y ser humano.\u00a0 <br \/>&#13;<br \/>\n  \u00a0<br \/>&#13;<br \/>\n  Los certificados de reconocimiento fueron  entregados justo en medio de la participaci\u00f3n de la cantante en el Festival  Musical Latinoamericano frente a m\u00e1s de diez mil personas. <br \/>&#13;<br \/>\n  \u00a0<br \/>&#13;<br \/>\n\u00abNo tengo palabras para expresar lo que  en estos momentos siento y m\u00e1s a\u00fan cuando todo llega de sorpresa. <br \/>&#13;<br \/>\n<br \/>&#13;<br \/>\nTodav\u00eda no me  lo creo\u00bb, refiri\u00f3 la interprete de \u00abCheque al Portador\u00bb al ser  homenajeada.<br \/>&#13;<br \/>\n  \u00a0<br \/>&#13;<br \/>\n  Por otro lado Quezada sigue de pl\u00e1cemes y es  que tambi\u00e9n fue confirmada como la artista principal del Verano Presidente que  ejecuta la   Cervecer\u00eda Nacional Dominicana, por lo cual har\u00e1 dos  megaconciertos que incluyen Santo Domingo el viernes 8 de agosto y santiago el  domingo 10. <br \/>&#13;<br \/>\n  \u00a0<br \/>&#13;<br \/>\n  Pedrito N\u00fa\u00f1ez, manager de Milly, dijo que de  esta forma ser\u00e1 la figura de los dos eventos centrales de la plataforma  promocional de Presidente, que el a\u00f1o anterior, cont\u00f3 con la presentaci\u00f3n del  salsero boricua V\u00edctor Manuel.<br \/>&#13;<br \/>\n  \u00a0<br \/>&#13;<br \/>\n\u00abSe presentar\u00e1 con un montaje especial  en el Kart\u00f3dromo de Sto. Dgo y en la emplanada del Monumento de Santiago, la  cual nuevamente ser\u00e1 convertida en una gran playa, con gigantescas piscinas y  arena\u00bb, refiri\u00f3 N\u00fa\u00f1ez.<br \/>&#13;<br \/>\n  \u00a0<br \/>&#13;<br \/>\n  Esta producci\u00f3n especial ser\u00e1 dirigida por  Frank Ceara, con la coreograf\u00eda de Iv\u00e1n Tejada y escenograf\u00eda de Fidel L\u00f3pez  bajo la producci\u00f3n general de Pedro N\u00fa\u00f1ez del Risco.<br \/>&#13;<br \/>\n  \u00a0<br \/>&#13;<br \/>\n  <br \/>&#13;<br \/>\n  El manejador agreg\u00f3 que se espera la  participaci\u00f3n de grandes figuras de la bachata, el merengue y el pop, quienes  compartir\u00e1n tarima con Milly durante los referidos conciertos, muchos de ellos  por primera vez.<\/span><\/p>\n<p>&#13;<\/p>\n<h6> 2008-07-23 20:18:40 <\/h6>\n<p><!--\n<link rel=\"stylesheet\" href=\"css\/bootstrap.min.css\">\n\n\n<ul class=\"pagination\">\n\t    \n\t\n\n<li >\n\t<a href='?page_no=21190'>Previous<\/a>\n\t<\/li>\n\n\n       \n    \n\n<li><a href='?page_no=1'>1<\/a><\/li>\n\n\n\n<li><a href='?page_no=2'>2<\/a><\/li>\n\n\n\n<li><a>...<\/a><\/li>\n\n\n\n<li><a href='?page_no=21189'>21189<\/a><\/li>\n\n\n\n<li><a href='?page_no=21190'>21190<\/a><\/li>\n\n\n\n<li class='active'><a>21191<\/a><\/li>\n\n\n\n<li><a href='?page_no=21192'>21192<\/a><\/li>\n\n\n\n<li><a href='?page_no=21193'>21193<\/a><\/li>\n\n\n\n<li><a>...<\/a><\/li>\n\n\n\n<li><a href='?page_no=22522'>22522<\/a><\/li>\n\n\n\n<li><a href='?page_no=22523'>22523<\/a><\/li>\n\n    \n\t\n\n<li >\n\t<a href='?page_no=21192'>Next<\/a>\n\t<\/li>\n\n\n    \n\n<li><a href='?page_no=22523'>Last &rsaquo;&rsaquo;<\/a><\/li>\n\n<\/ul>\n\n\n--><br \/>\n<\/body><\/p>\n","protected":false},"excerpt":{"rendered":"<p>La \u00abReina del Merengue\u00bb, Milly Quezada, es reconocida por el estado de Massachusetts&#13; \u00a0&#13; La merenguera es confirmada figura central del Verano Presidente&#13; \u00a0&#13; Santo Domingo.- El pasado viernes 18 de julio, durante su presentaci\u00f3n en Holyoke,\u00a0 \u00abLa Reina del Merengue\u00bb Milly Quezada fue sorprendida con sendos reconocimientos hechos por la Casa de Representantes del [&hellip;]<\/p>\n","protected":false},"author":3,"featured_media":0,"comment_status":"open","ping_status":"open","sticky":false,"template":"","format":"standard","meta":{"footnotes":""},"categories":[25],"tags":[],"class_list":["post-92569","post","type-post","status-publish","format-standard","hentry","category-gente"],"_links":{"self":[{"href":"https:\/\/diariodominicano.com\/index.php?rest_route=\/wp\/v2\/posts\/92569","targetHints":{"allow":["GET"]}}],"collection":[{"href":"https:\/\/diariodominicano.com\/index.php?rest_route=\/wp\/v2\/posts"}],"about":[{"href":"https:\/\/diariodominicano.com\/index.php?rest_route=\/wp\/v2\/types\/post"}],"author":[{"embeddable":true,"href":"https:\/\/diariodominicano.com\/index.php?rest_route=\/wp\/v2\/users\/3"}],"replies":[{"embeddable":true,"href":"https:\/\/diariodominicano.com\/index.php?rest_route=%2Fwp%2Fv2%2Fcomments&post=92569"}],"version-history":[{"count":0,"href":"https:\/\/diariodominicano.com\/index.php?rest_route=\/wp\/v2\/posts\/92569\/revisions"}],"wp:attachment":[{"href":"https:\/\/diariodominicano.com\/index.php?rest_route=%2Fwp%2Fv2%2Fmedia&parent=92569"}],"wp:term":[{"taxonomy":"category","embeddable":true,"href":"https:\/\/diariodominicano.com\/index.php?rest_route=%2Fwp%2Fv2%2Fcategories&post=92569"},{"taxonomy":"post_tag","embeddable":true,"href":"https:\/\/diariodominicano.com\/index.php?rest_route=%2Fwp%2Fv2%2Ftags&post=92569"}],"curies":[{"name":"wp","href":"https:\/\/api.w.org\/{rel}","templated":true}]}}