{"id":92566,"date":"2008-07-23T22:30:25","date_gmt":"2008-07-23T22:30:25","guid":{"rendered":"http:\/\/diariodominicano.ddns.net\/?p=92566"},"modified":"2008-07-23T22:30:25","modified_gmt":"2008-07-23T22:30:25","slug":"dekite-promociona-nuevo-corte","status":"publish","type":"post","link":"https:\/\/diariodominicano.com\/?p=92566","title":{"rendered":"\u201cDekite\u201d Promociona nuevo corte"},"content":{"rendered":"<p><body><\/p>\n<p><span class=\"titulogrande1\">\u201cDekite\u201d <strong>Promociona  nuevo corte<\/strong><\/span> <\/p>\n<p>&#13;<\/p>\n<p align=\"justify\" class=\"text1noticias\"><strong>Nuevo sello le proyectara mercado internacional<\/strong><\/p>\n<p>&#13;<\/p>\n<p align=\"justify\" class=\"text1noticias\"><strong><img loading=\"lazy\" decoding=\"async\" src=\"http:\/\/localhost:8080\/gente\/img\/dekite peinado.jpg\" width=\"375\" height=\"548\" hspace=\"4\" align=\"left\" \/>Rep Dom.-<\/strong> El exponente  del merengue urbano, Carlos Dekite, promociona actualmente en la radio  tropical, su nuevo corte \u201cLa playa p\u00e1 lante y p\u00e1 tra\u201d, seg\u00fan informo la oficina  que maneja su carrera.<\/p>\n<p>&#13;<\/p>\n<p align=\"justify\" class=\"text1noticias\">El nuevo sello  discogr\u00e1fico que a partir de la fecha, administrara\u00a0 al talento, Dominican Hits Factory, dijo que  el proyecto musical del joven, \u201cen esta nueva etapa buscara insertarlo en el  gusto popular\u201d.<\/p>\n<p>&#13;<\/p>\n<p align=\"justify\" class=\"text1noticias\">Se recuerda  que Dekite son\u00f3 con marcada profusi\u00f3n en la radio de Santo Domingo, Europa y  Estados Unidos, con el corte \u201cYo quiero una chica mala\u201d, que recibi\u00f3 el  respaldo del p\u00fablico de esos pa\u00edses.<\/p>\n<p>&#13;<\/p>\n<p align=\"justify\" class=\"text1noticias\">Indicaron que  la carrera\u00a0 de Carlos Dekite, ser\u00e1  responsabilidad del experto promotor, Henry Garc\u00eda, quien desde ya \u201ctiene una  apretada agenda, de programas televisuales y radiales, que abordan temas de  espect\u00e1culos\u201d.<\/p>\n<p>&#13;<\/p>\n<p align=\"justify\" class=\"text1noticias\">Dominican Hits  Factory, es una empresa especializada en m\u00fasica urbana, que viene con la  intenci\u00f3n de \u201capoyar el g\u00e9nero urbano abiertamente\u201d,  y en su carpeta de merengue, escogieron al talento criollo.<\/p>\n<p>&#13;<\/p>\n<p align=\"justify\" class=\"text1noticias\">Desde ya en  las emisoras\u00a0 nacionales, suenan el nuevo  promocionar de Dekite, que tambi\u00e9n en plazas extranjeras tiene\u00a0 igual proyecci\u00f3n.<\/p>\n<p>&#13;<\/p>\n<p align=\"justify\" class=\"text1noticias\">Dekite, un  joven\u00a0 inquieto que\u00a0 antes de tener su propia agrupaci\u00f3n,  participo en proyectos similares, conf\u00eda en el trabajo, que\u00a0 su nuevo sello,\u00a0 ejecuta a nivel local e internacional.<\/p>\n<p>&#13;<\/p>\n<h6> 2008-07-23 22:30:25 <\/h6>\n<p><!--\n<link rel=\"stylesheet\" href=\"css\/bootstrap.min.css\">\n\n\n<ul class=\"pagination\">\n\t    \n\t\n\n<li >\n\t<a href='?page_no=21187'>Previous<\/a>\n\t<\/li>\n\n\n       \n    \n\n<li><a href='?page_no=1'>1<\/a><\/li>\n\n\n\n<li><a href='?page_no=2'>2<\/a><\/li>\n\n\n\n<li><a>...<\/a><\/li>\n\n\n\n<li><a href='?page_no=21186'>21186<\/a><\/li>\n\n\n\n<li><a href='?page_no=21187'>21187<\/a><\/li>\n\n\n\n<li class='active'><a>21188<\/a><\/li>\n\n\n\n<li><a href='?page_no=21189'>21189<\/a><\/li>\n\n\n\n<li><a href='?page_no=21190'>21190<\/a><\/li>\n\n\n\n<li><a>...<\/a><\/li>\n\n\n\n<li><a href='?page_no=22522'>22522<\/a><\/li>\n\n\n\n<li><a href='?page_no=22523'>22523<\/a><\/li>\n\n    \n\t\n\n<li >\n\t<a href='?page_no=21189'>Next<\/a>\n\t<\/li>\n\n\n    \n\n<li><a href='?page_no=22523'>Last &rsaquo;&rsaquo;<\/a><\/li>\n\n<\/ul>\n\n\n--><br \/>\n<\/body><\/p>\n","protected":false},"excerpt":{"rendered":"<p>\u201cDekite\u201d Promociona nuevo corte &#13; Nuevo sello le proyectara mercado internacional &#13; Rep Dom.- El exponente del merengue urbano, Carlos Dekite, promociona actualmente en la radio tropical, su nuevo corte \u201cLa playa p\u00e1 lante y p\u00e1 tra\u201d, seg\u00fan informo la oficina que maneja su carrera. &#13; El nuevo sello discogr\u00e1fico que a partir de la [&hellip;]<\/p>\n","protected":false},"author":3,"featured_media":0,"comment_status":"open","ping_status":"open","sticky":false,"template":"","format":"standard","meta":{"footnotes":""},"categories":[25],"tags":[],"class_list":["post-92566","post","type-post","status-publish","format-standard","hentry","category-gente"],"_links":{"self":[{"href":"https:\/\/diariodominicano.com\/index.php?rest_route=\/wp\/v2\/posts\/92566","targetHints":{"allow":["GET"]}}],"collection":[{"href":"https:\/\/diariodominicano.com\/index.php?rest_route=\/wp\/v2\/posts"}],"about":[{"href":"https:\/\/diariodominicano.com\/index.php?rest_route=\/wp\/v2\/types\/post"}],"author":[{"embeddable":true,"href":"https:\/\/diariodominicano.com\/index.php?rest_route=\/wp\/v2\/users\/3"}],"replies":[{"embeddable":true,"href":"https:\/\/diariodominicano.com\/index.php?rest_route=%2Fwp%2Fv2%2Fcomments&post=92566"}],"version-history":[{"count":0,"href":"https:\/\/diariodominicano.com\/index.php?rest_route=\/wp\/v2\/posts\/92566\/revisions"}],"wp:attachment":[{"href":"https:\/\/diariodominicano.com\/index.php?rest_route=%2Fwp%2Fv2%2Fmedia&parent=92566"}],"wp:term":[{"taxonomy":"category","embeddable":true,"href":"https:\/\/diariodominicano.com\/index.php?rest_route=%2Fwp%2Fv2%2Fcategories&post=92566"},{"taxonomy":"post_tag","embeddable":true,"href":"https:\/\/diariodominicano.com\/index.php?rest_route=%2Fwp%2Fv2%2Ftags&post=92566"}],"curies":[{"name":"wp","href":"https:\/\/api.w.org\/{rel}","templated":true}]}}