{"id":92565,"date":"2008-07-23T22:41:58","date_gmt":"2008-07-23T22:41:58","guid":{"rendered":"http:\/\/diariodominicano.ddns.net\/?p=92565"},"modified":"2008-07-23T22:41:58","modified_gmt":"2008-07-23T22:41:58","slug":"gloria-estefan-vuelve-a-espana-tras-once-anos-de-ausencia","status":"publish","type":"post","link":"https:\/\/diariodominicano.com\/?p=92565","title":{"rendered":"Gloria Estefan vuelve a Espa\u00f1a tras once a\u00f1os de ausencia"},"content":{"rendered":"<p><body><\/p>\n<p align=\"justify\"><strong class=\"titulogrande1\">Gloria Estefan vuelve a Espa\u00f1a tras once a\u00f1os de ausencia<\/strong><br \/>&#13;<br \/>\n  <br \/>&#13;<br \/>\n    <span class=\"text1noticias\"> La cantante cubana presentar\u00e1 su \u00faltimo disco en Valencia, Zaragoza,  Madrid, Barcelona y Tenerife <br \/>&#13;<br \/>\n    <br \/>&#13;<br \/>\n    <strong>EP<\/strong> &#8211; Madrid &#8211; 23\/07\/2008 <\/span><\/p>\n<p>&#13;<\/p>\n<p align=\"justify\" class=\"text1noticias\"><img loading=\"lazy\" decoding=\"async\" src=\"http:\/\/localhost:8080\/gente\/img\/gloria stefan.jpg\" width=\"375\" height=\"276\" hspace=\"4\" align=\"left\" \/>Gloria Estefan vuelve a Espa\u00f1a  para presentar en directo su \u00faltimo disco, <em>90 millas<\/em>. La \u00faltima gira de  la cantante cubana por nuestro pa\u00eds fue en 1997. <br \/>&#13;<br \/>\n  <br \/>&#13;<br \/>\n  Este a\u00f1o, Estefan pasar\u00e1 por  el festival <em>La F\u00f3rmula<\/em> de Valencia el 22 de agosto y tambi\u00e9n actuar\u00e1 el  12 de septiembre en la Expo de Zaragoza, el 13 en Madrid, el 17 en Barcelona y  el 19 en Tenerife.<br \/>&#13;<br \/>\n  <br \/>&#13;<br \/>\n    <em>    90 millas<\/em> fue lanzado en 2007, est\u00e1 grabado  integralmente en espa\u00f1ol y su t\u00edtulo alude a la distancia entre Miami y Cuba.  Artistas como Carlos Santana, Jos\u00e9 Feliciano, La India, el actor Andy Garc\u00eda y  Generoso Jim\u00e9nez han participado en el trabajo, que hace algunas cr\u00edticas al  gobierno cubano.<br \/>&#13;<br \/>\n    <br \/>&#13;<br \/>\n    Rodeada por los m\u00fasicos de su  banda, Miami Sound Machine, Estefan incluye en su <em>90 Millas Tour 2008<\/em> \u00e9xitos como <em>Mi tierra<\/em>, <em>Oye mi canto<\/em> y temas que hizo famosos en  los a\u00f1os 80 y 90 como <em>Reach<\/em>, <em>Anything for you<\/em> y <em>Can&#8217;t stay<\/em>.<br \/>&#13;<br \/>\n    <br \/>&#13;<br \/>\n    Gloria Estefan ha vendido m\u00e1s de  90 millones de discos en todo el mundo, lo que hace de ella una de las artistas  de mayor \u00e9xito en la historia de la m\u00fasica Latina. Ganadora de tres Premios  Grammy como cantante y uno como directora del video <em>No me dejes de querer<\/em>,  Estefan fue nominada al Oscar por la canci\u00f3n <em>Music of the Heart<\/em>.<\/p>\n<p>&#13;<\/p>\n<h6> 2008-07-23 22:41:58 <\/h6>\n<p><!--\n<link rel=\"stylesheet\" href=\"css\/bootstrap.min.css\">\n\n\n<ul class=\"pagination\">\n\t    \n\t\n\n<li >\n\t<a href='?page_no=21186'>Previous<\/a>\n\t<\/li>\n\n\n       \n    \n\n<li><a href='?page_no=1'>1<\/a><\/li>\n\n\n\n<li><a href='?page_no=2'>2<\/a><\/li>\n\n\n\n<li><a>...<\/a><\/li>\n\n\n\n<li><a href='?page_no=21185'>21185<\/a><\/li>\n\n\n\n<li><a href='?page_no=21186'>21186<\/a><\/li>\n\n\n\n<li class='active'><a>21187<\/a><\/li>\n\n\n\n<li><a href='?page_no=21188'>21188<\/a><\/li>\n\n\n\n<li><a href='?page_no=21189'>21189<\/a><\/li>\n\n\n\n<li><a>...<\/a><\/li>\n\n\n\n<li><a href='?page_no=22522'>22522<\/a><\/li>\n\n\n\n<li><a href='?page_no=22523'>22523<\/a><\/li>\n\n    \n\t\n\n<li >\n\t<a href='?page_no=21188'>Next<\/a>\n\t<\/li>\n\n\n    \n\n<li><a href='?page_no=22523'>Last &rsaquo;&rsaquo;<\/a><\/li>\n\n<\/ul>\n\n\n--><br \/>\n<\/body><\/p>\n","protected":false},"excerpt":{"rendered":"<p>Gloria Estefan vuelve a Espa\u00f1a tras once a\u00f1os de ausencia&#13; &#13; La cantante cubana presentar\u00e1 su \u00faltimo disco en Valencia, Zaragoza, Madrid, Barcelona y Tenerife &#13; &#13; EP &#8211; Madrid &#8211; 23\/07\/2008 &#13; Gloria Estefan vuelve a Espa\u00f1a para presentar en directo su \u00faltimo disco, 90 millas. La \u00faltima gira de la cantante cubana por [&hellip;]<\/p>\n","protected":false},"author":3,"featured_media":0,"comment_status":"open","ping_status":"open","sticky":false,"template":"","format":"standard","meta":{"footnotes":""},"categories":[25],"tags":[],"class_list":["post-92565","post","type-post","status-publish","format-standard","hentry","category-gente"],"_links":{"self":[{"href":"https:\/\/diariodominicano.com\/index.php?rest_route=\/wp\/v2\/posts\/92565","targetHints":{"allow":["GET"]}}],"collection":[{"href":"https:\/\/diariodominicano.com\/index.php?rest_route=\/wp\/v2\/posts"}],"about":[{"href":"https:\/\/diariodominicano.com\/index.php?rest_route=\/wp\/v2\/types\/post"}],"author":[{"embeddable":true,"href":"https:\/\/diariodominicano.com\/index.php?rest_route=\/wp\/v2\/users\/3"}],"replies":[{"embeddable":true,"href":"https:\/\/diariodominicano.com\/index.php?rest_route=%2Fwp%2Fv2%2Fcomments&post=92565"}],"version-history":[{"count":0,"href":"https:\/\/diariodominicano.com\/index.php?rest_route=\/wp\/v2\/posts\/92565\/revisions"}],"wp:attachment":[{"href":"https:\/\/diariodominicano.com\/index.php?rest_route=%2Fwp%2Fv2%2Fmedia&parent=92565"}],"wp:term":[{"taxonomy":"category","embeddable":true,"href":"https:\/\/diariodominicano.com\/index.php?rest_route=%2Fwp%2Fv2%2Fcategories&post=92565"},{"taxonomy":"post_tag","embeddable":true,"href":"https:\/\/diariodominicano.com\/index.php?rest_route=%2Fwp%2Fv2%2Ftags&post=92565"}],"curies":[{"name":"wp","href":"https:\/\/api.w.org\/{rel}","templated":true}]}}