{"id":92564,"date":"2008-07-24T00:49:29","date_gmt":"2008-07-24T00:49:29","guid":{"rendered":"http:\/\/diariodominicano.ddns.net\/?p=92564"},"modified":"2008-07-24T00:49:29","modified_gmt":"2008-07-24T00:49:29","slug":"mi-querido-viejo-en-el-maunaloa","status":"publish","type":"post","link":"https:\/\/diariodominicano.com\/?p=92564","title":{"rendered":"Mi Querido Viejo en el Maunaloa"},"content":{"rendered":"<p><body><\/p>\n<p class=\"titulogrande1\">Mi  Querido Viejo en el Maunaloa<\/p>\n<p>&#13;<\/p>\n<p align=\"justify\" class=\"text1noticias\"><strong><img loading=\"lazy\" decoding=\"async\" src=\"http:\/\/localhost:8080\/gente\/img\/viejo querido.jpg\" width=\"375\" height=\"505\" hspace=\"4\" align=\"left\" \/>Santo Domingo.-<\/strong> La celebraci\u00f3n  del D\u00eda de los Padres qued\u00f3 justamente reivindicada el pasado s\u00e1bado con la  presentaci\u00f3n a casa llena del concierto \u00abViejo mi Querido Viejo\u00bb con  Anthony R\u00edos y Camboy Est\u00e9vez en el Maunaloa Night Club.<\/p>\n<p>&#13;<\/p>\n<p align=\"justify\" class=\"text1noticias\">Tal fue la acogida que la  empresa Raphy D&#8217; \u00d3leo Management ha decidido realizar una funci\u00f3n\u00a0 m\u00e1s en El Maunaloa este viernes 25 en tanto  que para el d\u00eda 26\u00a0 se traslada al Montezuma  Bar de Santiago, en la antesala de una gira que desde el 8 de agosto hasta el  24 la pareja estar\u00e1 desarrollando por los Estados Unidos.<\/p>\n<p>&#13;<\/p>\n<p align=\"justify\" class=\"text1noticias\">\u00abViejo Mi Querido  Viejo\u00bb es una presentaci\u00f3n sin desperdicios, con lo mejor del repertorio  de estos dos grandes artistas de todos los tiempos.\u00a0 De ellos se puede decir que\u00a0 repasaron su portafolio de \u00e9xitos musicales  de la \u00abA\u00bb hasta la \u00abZ\u00bb, para complacer a una entusiasta  audiencia que no ces\u00f3\u00a0 de reclamar toda  la noche las canciones que han peculiarizado y le han dado singularidad a sus  carreras.<\/p>\n<p>&#13;<\/p>\n<p align=\"justify\" class=\"text1noticias\">Como parte del atractivo de  la producci\u00f3n, durante la actuaci\u00f3n de Camboy se verifica\u00a0 una interacci\u00f3n del cantante criollo con el  argentino Alberto Cortez, quien llega al escenario por medio del recurso  tecnol\u00f3gico de un video proyectado en\u00a0  pantalla.\u00a0 El creador de Terneza y  El Fruto de Nuestro Amor justifica con creces en un escenario el por qu\u00e9 se le  escoge para un concierto en pareja con Anthony R\u00edos.<\/p>\n<p>&#13;<\/p>\n<p align=\"justify\" class=\"text1noticias\">Y es que su experiencia y  veteran\u00eda le permiten un desempe\u00f1o arm\u00f3nico, ligero y  desenfadado\u00a0 en el escenario, que le  facilita una segura apertura y la\u00a0  aceptaci\u00f3n de un\u00a0 p\u00fablico  dispuesto a dejarse seducir por el encanto de su voz en cada canci\u00f3n. Camboy  exhibe una calidad interpretativa\u00a0 de la  cual no puede sustraerse su propio compa\u00f1ero de escenario.<\/p>\n<p>&#13;<\/p>\n<p align=\"justify\" class=\"text1noticias\">Es por ello que cuando le  toca cantar a Anthony, este no desaprovecha la ocasi\u00f3n para elogiar de manera  muy generosa sus\u00a0 condiciones vocales.  Elogios que el p\u00fablico recibe de buen agrado de parte de un artista que no por  reconocer\u00a0 las dotes naturales de otro  int\u00e9rprete disminuye sus posibilidades en la gente\u00a0 que tambi\u00e9n ha ido a escucharlo y a verlo a  \u00e9l.\u00a0 Ello queda en evidencia con la  suerte de encantamiento que provoca en cada una de sus canciones, tan valoradas  y apreciadas por el p\u00fablico. <\/p>\n<p>&#13;<\/p>\n<p align=\"justify\" class=\"text1noticias\">Solo hace Anthony salir al  escenario, para que de inmediato se dispare el inter\u00e9s de la gente tratando de  que cante de primero sus preferidas  canciones, como si temieran que la magia y el sortilegio de la noche de encanto  acabara y entre tantos \u00e9xitos el final llegara sin que las mismas fueran parte  del repertorio.<\/p>\n<p>&#13;<\/p>\n<p align=\"justify\" class=\"text1noticias\">Pero imposible dejar de  cantar Fatalidad, Si Usted Supiera Se\u00f1ora, \u00abZ\u00bb y otros tantos temas  que definen al artista como parte de su identidad.\u00a0 El p\u00fablico al final pone de relieve la  valoraci\u00f3n que le ha dado a la idea de juntar a estos dos grandes cantantes en  un solo concierto.\u00a0 Nadie m\u00e1s que esa  gente rom\u00e1ntica, entusiasta y alegre para testimoniar con sus aplausos el \u00e9xito  y la aceptaci\u00f3n de \u00abViejo Mi Querido Viejo\u00bb.<\/p>\n<p>&#13;<\/p>\n<h6> 2008-07-24 00:49:29 <\/h6>\n<p><!--\n<link rel=\"stylesheet\" href=\"css\/bootstrap.min.css\">\n\n\n<ul class=\"pagination\">\n\t    \n\t\n\n<li >\n\t<a href='?page_no=21185'>Previous<\/a>\n\t<\/li>\n\n\n       \n    \n\n<li><a href='?page_no=1'>1<\/a><\/li>\n\n\n\n<li><a href='?page_no=2'>2<\/a><\/li>\n\n\n\n<li><a>...<\/a><\/li>\n\n\n\n<li><a href='?page_no=21184'>21184<\/a><\/li>\n\n\n\n<li><a href='?page_no=21185'>21185<\/a><\/li>\n\n\n\n<li class='active'><a>21186<\/a><\/li>\n\n\n\n<li><a href='?page_no=21187'>21187<\/a><\/li>\n\n\n\n<li><a href='?page_no=21188'>21188<\/a><\/li>\n\n\n\n<li><a>...<\/a><\/li>\n\n\n\n<li><a href='?page_no=22522'>22522<\/a><\/li>\n\n\n\n<li><a href='?page_no=22523'>22523<\/a><\/li>\n\n    \n\t\n\n<li >\n\t<a href='?page_no=21187'>Next<\/a>\n\t<\/li>\n\n\n    \n\n<li><a href='?page_no=22523'>Last &rsaquo;&rsaquo;<\/a><\/li>\n\n<\/ul>\n\n\n--><br \/>\n<\/body><\/p>\n","protected":false},"excerpt":{"rendered":"<p>Mi Querido Viejo en el Maunaloa &#13; Santo Domingo.- La celebraci\u00f3n del D\u00eda de los Padres qued\u00f3 justamente reivindicada el pasado s\u00e1bado con la presentaci\u00f3n a casa llena del concierto \u00abViejo mi Querido Viejo\u00bb con Anthony R\u00edos y Camboy Est\u00e9vez en el Maunaloa Night Club. &#13; Tal fue la acogida que la empresa Raphy D&#8217; [&hellip;]<\/p>\n","protected":false},"author":3,"featured_media":0,"comment_status":"open","ping_status":"open","sticky":false,"template":"","format":"standard","meta":{"footnotes":""},"categories":[25],"tags":[],"class_list":["post-92564","post","type-post","status-publish","format-standard","hentry","category-gente"],"_links":{"self":[{"href":"https:\/\/diariodominicano.com\/index.php?rest_route=\/wp\/v2\/posts\/92564","targetHints":{"allow":["GET"]}}],"collection":[{"href":"https:\/\/diariodominicano.com\/index.php?rest_route=\/wp\/v2\/posts"}],"about":[{"href":"https:\/\/diariodominicano.com\/index.php?rest_route=\/wp\/v2\/types\/post"}],"author":[{"embeddable":true,"href":"https:\/\/diariodominicano.com\/index.php?rest_route=\/wp\/v2\/users\/3"}],"replies":[{"embeddable":true,"href":"https:\/\/diariodominicano.com\/index.php?rest_route=%2Fwp%2Fv2%2Fcomments&post=92564"}],"version-history":[{"count":0,"href":"https:\/\/diariodominicano.com\/index.php?rest_route=\/wp\/v2\/posts\/92564\/revisions"}],"wp:attachment":[{"href":"https:\/\/diariodominicano.com\/index.php?rest_route=%2Fwp%2Fv2%2Fmedia&parent=92564"}],"wp:term":[{"taxonomy":"category","embeddable":true,"href":"https:\/\/diariodominicano.com\/index.php?rest_route=%2Fwp%2Fv2%2Fcategories&post=92564"},{"taxonomy":"post_tag","embeddable":true,"href":"https:\/\/diariodominicano.com\/index.php?rest_route=%2Fwp%2Fv2%2Ftags&post=92564"}],"curies":[{"name":"wp","href":"https:\/\/api.w.org\/{rel}","templated":true}]}}