{"id":92563,"date":"2008-07-24T02:55:14","date_gmt":"2008-07-24T02:55:14","guid":{"rendered":"http:\/\/diariodominicano.ddns.net\/?p=92563"},"modified":"2008-07-24T02:55:14","modified_gmt":"2008-07-24T02:55:14","slug":"mayury-reyna-es-seleccionada-como-la-estrella-invitada-de-la-gran-gala-del-desfile-nacional-dominicano-de-new-york","status":"publish","type":"post","link":"https:\/\/diariodominicano.com\/?p=92563","title":{"rendered":"M\u00e1yury Reyna es seleccionada como la Estrella invitada de la Gran Gala del Desfile Nacional Dominicano de New York"},"content":{"rendered":"<p><body><\/p>\n<p align=\"justify\" class=\"titulogrande1\"><strong>M\u00e1yury  Reyna es seleccionada como la Estrella invitada\u00a0de la Gran Gala del Desfile Nacional Dominicano de New York<\/strong><\/p>\n<p>&#13;<\/p>\n<p align=\"justify\" class=\"text1noticias\"><strong><img loading=\"lazy\" decoding=\"async\" src=\"http:\/\/localhost:8080\/gente\/img\/maryuris.jpg\" width=\"375\" height=\"1149\" hspace=\"4\" align=\"left\" \/>Rep Dom.-<\/strong> La\u00a0  juvenil cantante M\u00e1yury Reyna\u00a0 ha  sido seleccionada como estrella invitada para actuar en la Gala Especial del Desfile  Dominicano en Nueva\u00a0 York\u00a0 a celebrarse\u00a0  el pr\u00f3ximo 8 de agosto en el lujoso  y majestuoso Hotel Mariot Marquis de esa ciudad.<\/p>\n<p>&#13;<\/p>\n<p align=\"justify\" class=\"text1noticias\">La Gala del Desfile es la actividad m\u00e1s  importante previa\u00a0 al\u00a0 gran\u00a0  desfile \u00a0del domingo 10 de  agosto a realizarse en la\u00a0 S\u00e9ptima Avenida, entre las calles\u00a0  36 y 59, donde\u00a0 millones de  dominicanos y de otras nacionalidades\u00a0  se\u00a0 concentran\u00a0 con motivo de la conmemoraci\u00f3n\u00a0 de la Restauraci\u00f3n de la Independencia dominicana.<\/p>\n<p>&#13;<\/p>\n<p align=\"justify\" class=\"text1noticias\">En este evento se realizan las  premiaciones\u00a0 a las diversas personalidades\u00a0 destacadas de la comunidad dominicana en  Nueva York\u00a0 as\u00ed como a las  autoridades\u00a0 y l\u00edderes de otras  comunidades que\u00a0 apoyan los esfuerzos de  progreso y desarrollo de los criollos  que residen en la gran urbe.<\/p>\n<p>&#13;<\/p>\n<p align=\"justify\" class=\"text1noticias\">Al ofrecer la informaci\u00f3n, Nelson Pe\u00f1a,  Presidente del\u00a0 \u00a0Comit\u00e9 Organizar del Desfile Dominicano, dijo  que por segundo a\u00f1o consecutivo invitaban\u00a0  a M\u00e1yury Reyna, nominada como Cantante Femenina del 2007\u00a0 para los Premios Casandra, al popular\u00a0 evento debido a que la juvenil cantante se ha convertido en una de las figuras  del\u00a0 arte m\u00e1s querida\u00a0 en esa ciudad.<\/p>\n<p>&#13;<\/p>\n<p align=\"justify\" class=\"text1noticias\">Inform\u00f3 que\u00a0  la artista cantar\u00e1 ante las m\u00e1s importantes personalidades\u00a0 de Nueva York\u00a0  que se dar\u00e1n cita en la Gala Premier  del Desfile en uno de los m\u00e1s  prestigiosos lugares de evento en esa ciudad como lo es el Mariot Marqu\u00eds.\u00a0\u00a0 Adem\u00e1s de la actuaci\u00f3n en la Gala, M\u00e1yury Reyna desfilar\u00e1\u00a0  en una carroza especial en el referido evento.<\/p>\n<p>&#13;<\/p>\n<p align=\"justify\" class=\"text1noticias\"> El pasado a\u00f1o, la juvenil cantante criolla, que  se escucha\u00a0 en la actualidad en la radio dominicana  con el tema\u00a0\u201cMejor Sola\u201d, cuyo video  clip fue grabado recientemente en Colombia, fue la Reina Restauraci\u00f3n del referido  desfile, concitando\u00a0 el aplauso y  atenci\u00f3n de los miles de\u00a0 dominicanos y  de otras nacionalidades que se dieron cita\u00a0  en la S\u00e9ptima\u00a0 avenida de Nueva York. En el 2007 tambi\u00e9n fue designada como La Reina del Desfile de  Patterson, New Jersey.<\/p>\n<p>&#13;<\/p>\n<p align=\"justify\" class=\"text1noticias\">Durante su estad\u00eda en la gran urbe,\u00a0 M\u00e1yury Reyna\u00a0  participar\u00e1 en otras importantes actividades, incluyendo la Gala del Desfile de Haverstraw  en Westchester tambi\u00e9n en el Estado de Nueva York, as\u00ed como presentaciones en  Montecarlo Room, en Jubile de Queen, en la Discoteca LQ, en fiestas privadas, y  en diversos programas de televisi\u00f3n y  radio, incluyendo el popular programa\u00a0  \u201cEl Pachatazo\u201d,\u00a0 de Frederick  Mart\u00ednez, El Pacha,\u00a0 por la estaci\u00f3n La Kalle, de Nueva\u00a0 York.<\/p>\n<p>&#13;<\/p>\n<h6> 2008-07-24 02:55:14 <\/h6>\n<p><!--\n<link rel=\"stylesheet\" href=\"css\/bootstrap.min.css\">\n\n\n<ul class=\"pagination\">\n\t    \n\t\n\n<li >\n\t<a href='?page_no=21184'>Previous<\/a>\n\t<\/li>\n\n\n       \n    \n\n<li><a href='?page_no=1'>1<\/a><\/li>\n\n\n\n<li><a href='?page_no=2'>2<\/a><\/li>\n\n\n\n<li><a>...<\/a><\/li>\n\n\n\n<li><a href='?page_no=21183'>21183<\/a><\/li>\n\n\n\n<li><a href='?page_no=21184'>21184<\/a><\/li>\n\n\n\n<li class='active'><a>21185<\/a><\/li>\n\n\n\n<li><a href='?page_no=21186'>21186<\/a><\/li>\n\n\n\n<li><a href='?page_no=21187'>21187<\/a><\/li>\n\n\n\n<li><a>...<\/a><\/li>\n\n\n\n<li><a href='?page_no=22522'>22522<\/a><\/li>\n\n\n\n<li><a href='?page_no=22523'>22523<\/a><\/li>\n\n    \n\t\n\n<li >\n\t<a href='?page_no=21186'>Next<\/a>\n\t<\/li>\n\n\n    \n\n<li><a href='?page_no=22523'>Last &rsaquo;&rsaquo;<\/a><\/li>\n\n<\/ul>\n\n\n--><br \/>\n<\/body><\/p>\n","protected":false},"excerpt":{"rendered":"<p>M\u00e1yury Reyna es seleccionada como la Estrella invitada\u00a0de la Gran Gala del Desfile Nacional Dominicano de New York &#13; Rep Dom.- La\u00a0 juvenil cantante M\u00e1yury Reyna\u00a0 ha sido seleccionada como estrella invitada para actuar en la Gala Especial del Desfile Dominicano en Nueva\u00a0 York\u00a0 a celebrarse\u00a0 el pr\u00f3ximo 8 de agosto en el lujoso y [&hellip;]<\/p>\n","protected":false},"author":3,"featured_media":0,"comment_status":"open","ping_status":"open","sticky":false,"template":"","format":"standard","meta":{"footnotes":""},"categories":[25],"tags":[],"class_list":["post-92563","post","type-post","status-publish","format-standard","hentry","category-gente"],"_links":{"self":[{"href":"https:\/\/diariodominicano.com\/index.php?rest_route=\/wp\/v2\/posts\/92563","targetHints":{"allow":["GET"]}}],"collection":[{"href":"https:\/\/diariodominicano.com\/index.php?rest_route=\/wp\/v2\/posts"}],"about":[{"href":"https:\/\/diariodominicano.com\/index.php?rest_route=\/wp\/v2\/types\/post"}],"author":[{"embeddable":true,"href":"https:\/\/diariodominicano.com\/index.php?rest_route=\/wp\/v2\/users\/3"}],"replies":[{"embeddable":true,"href":"https:\/\/diariodominicano.com\/index.php?rest_route=%2Fwp%2Fv2%2Fcomments&post=92563"}],"version-history":[{"count":0,"href":"https:\/\/diariodominicano.com\/index.php?rest_route=\/wp\/v2\/posts\/92563\/revisions"}],"wp:attachment":[{"href":"https:\/\/diariodominicano.com\/index.php?rest_route=%2Fwp%2Fv2%2Fmedia&parent=92563"}],"wp:term":[{"taxonomy":"category","embeddable":true,"href":"https:\/\/diariodominicano.com\/index.php?rest_route=%2Fwp%2Fv2%2Fcategories&post=92563"},{"taxonomy":"post_tag","embeddable":true,"href":"https:\/\/diariodominicano.com\/index.php?rest_route=%2Fwp%2Fv2%2Ftags&post=92563"}],"curies":[{"name":"wp","href":"https:\/\/api.w.org\/{rel}","templated":true}]}}