{"id":92562,"date":"2008-07-24T19:41:52","date_gmt":"2008-07-24T19:41:52","guid":{"rendered":"http:\/\/diariodominicano.ddns.net\/?p=92562"},"modified":"2008-07-24T19:41:52","modified_gmt":"2008-07-24T19:41:52","slug":"freddy-beras-goico-presenta-la-pagina-de-humor-eljuidero-com","status":"publish","type":"post","link":"https:\/\/diariodominicano.com\/?p=92562","title":{"rendered":"Freddy Beras Goico presenta la p\u00e1gina de humor eljuidero.com"},"content":{"rendered":"<p><body><\/p>\n<p align=\"justify\"><span class=\"titulogrande1\">Freddy Beras Goico presenta  la p\u00e1gina de humor eljuidero.com<\/span><br \/>&#13;<br \/>\n  \u00a0<br \/>&#13;<br \/>\n  <span class=\"text1noticias\">Pondr\u00e1 a la venta su libro  \u00abParte de mi Vida\u00bb en este site<br \/>&#13;<br \/>\n  \u00a0<br \/>&#13;<br \/>\n  <strong><img loading=\"lazy\" decoding=\"async\" src=\"http:\/\/localhost:8080\/gente\/img\/fredy juidero.jpg\" width=\"375\" height=\"524\" hspace=\"4\" align=\"left\" \/>Santo Domingo.-<\/strong> Freddy Beras Goico y su hijo Freddyn colgaron una entretenida  p\u00e1gina de humor llamada eljuidero.com con el fin de encontrarse con su p\u00fablico  en la web.<br \/>&#13;<br \/>\n  \u00a0<br \/>&#13;<br \/>\n  En su contenido se haya de  todo menos tristeza ya que ante las incesantes noticias negativas y situaciones  dif\u00edciles con las que se vive en estos tiempo, el site se ha convertido en un  escape a las tensiones del ambiente.<br \/>&#13;<br \/>\n  \u00a0<br \/>&#13;<br \/>\n  En eljuidero.com se aprecia  la personalidad de los Beras en su m\u00e1xima expresi\u00f3n con chistes, comentarios,  noticias jocosas, videos y toda la diversi\u00f3n caracter\u00edsticas de sus an\u00e9cdotas.<br \/>&#13;<br \/>\n  \u00a0<br \/>&#13;<br \/>\n\u00abCon el portal tenemos  la oportunidad de llegar a un p\u00fablico joven que ha crecido metido en Internet y  que le es f\u00e1cil digerir los contenidos que all\u00ed colgamos\u00bb, refiri\u00f3 Beras  Goico.<br \/>&#13;<br \/>\n  \u00a0<br \/>&#13;<br \/>\n  El humorista agreg\u00f3 que la  p\u00e1gina es un desahogo donde puede escribir sobre todo de un modo jovial y  ligero conciente de que quien lo lea podr\u00e1 entenderlo con claridad.<br \/>&#13;<br \/>\n  \u00a0<br \/>&#13;<br \/>\n  Dada la acogida alcanzada por  la p\u00e1gina Freddy anuncia que pr\u00f3ximamente pondr\u00e1 a la venta su libro  \u00abParte de mi Vida\u00bb en el site para que los interesados en Estados  Unidos puedan adquirirlo mientras llega a ese mercado.<br \/>&#13;<br \/>\n  \u00a0<br \/>&#13;<br \/>\n  Al respecto refiri\u00f3 que todo  lo recaudado con el libro va dirigido a la fundaci\u00f3n El Gordo de la Semana, la cual ya ha  socorrido varios casos con los fondos generados por la venta masiva del texto.<br \/>&#13;<br \/>\n  \u00a0<br \/>&#13;<br \/>\n\u00abCerca de 280 mil pesos  de lo que ha generado \u00abParte de mi Vida\u00bb han sido donados para el  tratamiento de tres casos diferentes de c\u00e1ncer\u00bb, inform\u00f3 Freddy Beras  Goico.<br \/>&#13;<br \/>\n  \u00a0<br \/>&#13;<br \/>\n  El productor de televisi\u00f3n  tiene grandes expectativas con las ventas del libro, que supera los siete mil  ejemplares vendidos y por medio del mismo pretende socorrer a varios ni\u00f1os m\u00e1s,  d\u00e1ndole ayuda m\u00e9dica. Por ello agota un cronograma de presentaciones y  promoci\u00f3n que lo lleva por varias ciudades del pa\u00eds y pr\u00f3ximamente en Estados  Unidos.<br \/>&#13;<br \/>\n  \u00a0<br \/>&#13;<br \/>\nPara ver la p\u00e1gina de Freddy  Beras Goico haga click en esta direcci\u00f3n: http:\/\/www.eljuidero.com\/eljuidero\/<\/span><\/p>\n<p>&#13;<\/p>\n<h6> 2008-07-24 19:41:52 <\/h6>\n<p><!--\n<link rel=\"stylesheet\" href=\"css\/bootstrap.min.css\">\n\n\n<ul class=\"pagination\">\n\t    \n\t\n\n<li >\n\t<a href='?page_no=21183'>Previous<\/a>\n\t<\/li>\n\n\n       \n    \n\n<li><a href='?page_no=1'>1<\/a><\/li>\n\n\n\n<li><a href='?page_no=2'>2<\/a><\/li>\n\n\n\n<li><a>...<\/a><\/li>\n\n\n\n<li><a href='?page_no=21182'>21182<\/a><\/li>\n\n\n\n<li><a href='?page_no=21183'>21183<\/a><\/li>\n\n\n\n<li class='active'><a>21184<\/a><\/li>\n\n\n\n<li><a href='?page_no=21185'>21185<\/a><\/li>\n\n\n\n<li><a href='?page_no=21186'>21186<\/a><\/li>\n\n\n\n<li><a>...<\/a><\/li>\n\n\n\n<li><a href='?page_no=22522'>22522<\/a><\/li>\n\n\n\n<li><a href='?page_no=22523'>22523<\/a><\/li>\n\n    \n\t\n\n<li >\n\t<a href='?page_no=21185'>Next<\/a>\n\t<\/li>\n\n\n    \n\n<li><a href='?page_no=22523'>Last &rsaquo;&rsaquo;<\/a><\/li>\n\n<\/ul>\n\n\n--><br \/>\n<\/body><\/p>\n","protected":false},"excerpt":{"rendered":"<p>Freddy Beras Goico presenta la p\u00e1gina de humor eljuidero.com&#13; \u00a0&#13; Pondr\u00e1 a la venta su libro \u00abParte de mi Vida\u00bb en este site&#13; \u00a0&#13; Santo Domingo.- Freddy Beras Goico y su hijo Freddyn colgaron una entretenida p\u00e1gina de humor llamada eljuidero.com con el fin de encontrarse con su p\u00fablico en la web.&#13; \u00a0&#13; En su [&hellip;]<\/p>\n","protected":false},"author":3,"featured_media":0,"comment_status":"open","ping_status":"open","sticky":false,"template":"","format":"standard","meta":{"footnotes":""},"categories":[25],"tags":[],"class_list":["post-92562","post","type-post","status-publish","format-standard","hentry","category-gente"],"_links":{"self":[{"href":"https:\/\/diariodominicano.com\/index.php?rest_route=\/wp\/v2\/posts\/92562","targetHints":{"allow":["GET"]}}],"collection":[{"href":"https:\/\/diariodominicano.com\/index.php?rest_route=\/wp\/v2\/posts"}],"about":[{"href":"https:\/\/diariodominicano.com\/index.php?rest_route=\/wp\/v2\/types\/post"}],"author":[{"embeddable":true,"href":"https:\/\/diariodominicano.com\/index.php?rest_route=\/wp\/v2\/users\/3"}],"replies":[{"embeddable":true,"href":"https:\/\/diariodominicano.com\/index.php?rest_route=%2Fwp%2Fv2%2Fcomments&post=92562"}],"version-history":[{"count":0,"href":"https:\/\/diariodominicano.com\/index.php?rest_route=\/wp\/v2\/posts\/92562\/revisions"}],"wp:attachment":[{"href":"https:\/\/diariodominicano.com\/index.php?rest_route=%2Fwp%2Fv2%2Fmedia&parent=92562"}],"wp:term":[{"taxonomy":"category","embeddable":true,"href":"https:\/\/diariodominicano.com\/index.php?rest_route=%2Fwp%2Fv2%2Fcategories&post=92562"},{"taxonomy":"post_tag","embeddable":true,"href":"https:\/\/diariodominicano.com\/index.php?rest_route=%2Fwp%2Fv2%2Ftags&post=92562"}],"curies":[{"name":"wp","href":"https:\/\/api.w.org\/{rel}","templated":true}]}}