{"id":92560,"date":"2008-07-24T19:50:28","date_gmt":"2008-07-24T19:50:28","guid":{"rendered":"http:\/\/diariodominicano.ddns.net\/?p=92560"},"modified":"2008-07-24T19:50:28","modified_gmt":"2008-07-24T19:50:28","slug":"brad-pitt-demandara-a-cualquiera-que-publique-fotos-clandestinas-de-su-familia","status":"publish","type":"post","link":"https:\/\/diariodominicano.com\/?p=92560","title":{"rendered":"Brad Pitt demandar\u00e1 a cualquiera que publique fotos clandestinas de su familia"},"content":{"rendered":"<p><body><\/p>\n<p align=\"justify\"><strong class=\"titulogrande1\">Brad Pitt demandar\u00e1 a  cualquiera que publique fotos clandestinas de su familia<\/strong><br \/>&#13;<br \/>\n  <br \/>&#13;<br \/>\n    <span class=\"text1noticias\"><strong>Los abogados del actor aseguran que existen im\u00e1genes  de los mellizos &#8216;Brangelina&#8217; que ya han sido vendidas a medios de comunicaci\u00f3n <\/strong><br \/>&#13;<br \/>\n    <br \/>&#13;<br \/>\n<strong>REUTERS<\/strong> <em>&#8211; Los \u00c1ngeles &#8211; <\/em>24\/07\/2008 <\/span><\/p>\n<p>&#13;<\/p>\n<p align=\"justify\" class=\"text1noticias\"><img loading=\"lazy\" decoding=\"async\" src=\"http:\/\/localhost:8080\/gente\/img\/familia brad.jpg\" width=\"375\" height=\"276\" hspace=\"4\" align=\"left\" \/>Brad Pitt ha  amenazado con tomar acciones legales en contra de cualquiera que publique  fotograf\u00edas recientes de su familia, que hayan sido tomadas por paparazzi en la  villa francesa donde el actor y Angelina Jolie est\u00e1n viviendo con sus mellizos  reci\u00e9n nacidos y sus cuatro hermanos.<br \/>&#13;<br \/>\n  <br \/>&#13;<br \/>\n  Seg\u00fan una  carta enviada por los abogados del clan <em>Brangelina<\/em>, las fotos de Brad  Pitt y su familia en Francia han sido tomadas clandestinamente con un gran  teleobjetivo y vendidas a un comprador an\u00f3nimo. En la misiva no se especifica  qui\u00e9nes est\u00e1n retratados en las im\u00e1genes, aunque todo apunta a que son Knox  Leon y Vivienne Marcheline.<br \/>&#13;<br \/>\n  <br \/>&#13;<br \/>\n  Seg\u00fan varios  medios de comunicaci\u00f3n, Angelina Jolie y Brad Pitt habr\u00edan vendido los derechos  exclusivos de publicaci\u00f3n de las primeras fotos de sus mellizos a una revista  estadounidense, cuyo nombre a\u00fan no se ha revelado. El precio que la pareja  pedir\u00eda por \u00e9stos supera los 11 millones de d\u00f3lares, y ser\u00eda destinado a la  beneficencia.<br \/>&#13;<br \/>\n  <br \/>&#13;<br \/>\n  El abogado  personal de Brad Pitt, Yael Holtkamp, ha dicho que el haber tomado esas fotos  es \u00abuna violaci\u00f3n maliciosa\u00bb de la privacidad del actor, tanto de  acuerdo con las leyes francesas como con las de California.<br \/>&#13;<br \/>\n  <br \/>&#13;<br \/>\n  Holtkamp ha  a\u00f1adido que la agencia fotogr\u00e1fica que ya ha vendido las fotos ha acordado  quitarlas del mercado y retirarlas de su p\u00e1gina <em>web<\/em>. Varios sitios de  Internet estadounidenses dedicados a noticias de famosos ten\u00edan ya v\u00ednculos que  llevaban a las fotos. Tambi\u00e9n han tenido que retirarlos.<\/p>\n<p>&#13;<\/p>\n<h6> 2008-07-24 19:50:28 <\/h6>\n<p><!--\n<link rel=\"stylesheet\" href=\"css\/bootstrap.min.css\">\n\n\n<ul class=\"pagination\">\n\t    \n\t\n\n<li >\n\t<a href='?page_no=21181'>Previous<\/a>\n\t<\/li>\n\n\n       \n    \n\n<li><a href='?page_no=1'>1<\/a><\/li>\n\n\n\n<li><a href='?page_no=2'>2<\/a><\/li>\n\n\n\n<li><a>...<\/a><\/li>\n\n\n\n<li><a href='?page_no=21180'>21180<\/a><\/li>\n\n\n\n<li><a href='?page_no=21181'>21181<\/a><\/li>\n\n\n\n<li class='active'><a>21182<\/a><\/li>\n\n\n\n<li><a href='?page_no=21183'>21183<\/a><\/li>\n\n\n\n<li><a href='?page_no=21184'>21184<\/a><\/li>\n\n\n\n<li><a>...<\/a><\/li>\n\n\n\n<li><a href='?page_no=22522'>22522<\/a><\/li>\n\n\n\n<li><a href='?page_no=22523'>22523<\/a><\/li>\n\n    \n\t\n\n<li >\n\t<a href='?page_no=21183'>Next<\/a>\n\t<\/li>\n\n\n    \n\n<li><a href='?page_no=22523'>Last &rsaquo;&rsaquo;<\/a><\/li>\n\n<\/ul>\n\n\n--><br \/>\n<\/body><\/p>\n","protected":false},"excerpt":{"rendered":"<p>Brad Pitt demandar\u00e1 a cualquiera que publique fotos clandestinas de su familia&#13; &#13; Los abogados del actor aseguran que existen im\u00e1genes de los mellizos &#8216;Brangelina&#8217; que ya han sido vendidas a medios de comunicaci\u00f3n &#13; &#13; REUTERS &#8211; Los \u00c1ngeles &#8211; 24\/07\/2008 &#13; Brad Pitt ha amenazado con tomar acciones legales en contra de cualquiera [&hellip;]<\/p>\n","protected":false},"author":3,"featured_media":0,"comment_status":"open","ping_status":"open","sticky":false,"template":"","format":"standard","meta":{"footnotes":""},"categories":[25],"tags":[],"class_list":["post-92560","post","type-post","status-publish","format-standard","hentry","category-gente"],"_links":{"self":[{"href":"https:\/\/diariodominicano.com\/index.php?rest_route=\/wp\/v2\/posts\/92560","targetHints":{"allow":["GET"]}}],"collection":[{"href":"https:\/\/diariodominicano.com\/index.php?rest_route=\/wp\/v2\/posts"}],"about":[{"href":"https:\/\/diariodominicano.com\/index.php?rest_route=\/wp\/v2\/types\/post"}],"author":[{"embeddable":true,"href":"https:\/\/diariodominicano.com\/index.php?rest_route=\/wp\/v2\/users\/3"}],"replies":[{"embeddable":true,"href":"https:\/\/diariodominicano.com\/index.php?rest_route=%2Fwp%2Fv2%2Fcomments&post=92560"}],"version-history":[{"count":0,"href":"https:\/\/diariodominicano.com\/index.php?rest_route=\/wp\/v2\/posts\/92560\/revisions"}],"wp:attachment":[{"href":"https:\/\/diariodominicano.com\/index.php?rest_route=%2Fwp%2Fv2%2Fmedia&parent=92560"}],"wp:term":[{"taxonomy":"category","embeddable":true,"href":"https:\/\/diariodominicano.com\/index.php?rest_route=%2Fwp%2Fv2%2Fcategories&post=92560"},{"taxonomy":"post_tag","embeddable":true,"href":"https:\/\/diariodominicano.com\/index.php?rest_route=%2Fwp%2Fv2%2Ftags&post=92560"}],"curies":[{"name":"wp","href":"https:\/\/api.w.org\/{rel}","templated":true}]}}