{"id":92558,"date":"2008-07-24T20:05:10","date_gmt":"2008-07-24T20:05:10","guid":{"rendered":"http:\/\/diariodominicano.ddns.net\/?p=92558"},"modified":"2008-07-24T20:05:10","modified_gmt":"2008-07-24T20:05:10","slug":"el-paseo-de-la-fama-de-hollywood-renovara-las-placas-de-778-estrellas","status":"publish","type":"post","link":"https:\/\/diariodominicano.com\/?p=92558","title":{"rendered":"El Paseo de la Fama de Hollywood renovar\u00e1 las placas de 778 estrellas"},"content":{"rendered":"<p><body><\/p>\n<p align=\"justify\" class=\"text1noticias\">gente <br \/>&#13;<br \/>\n  <br \/>&#13;<br \/>\n  <strong>El Paseo de la Fama de Hollywood renovar\u00e1 las placas de 778 estrellas<\/strong><br \/>&#13;<br \/>\n    <br \/>&#13;<br \/>\n<strong>EL PA\u00cdS<\/strong> &#8211; Madrid &#8211; 24\/07\/2008 <\/p>\n<p>&#13;<\/p>\n<p align=\"justify\" class=\"text1noticias\"><img loading=\"lazy\" decoding=\"async\" src=\"http:\/\/localhost:8080\/gente\/img\/placas famosos.jpg\" width=\"375\" height=\"276\" hspace=\"4\" align=\"left\" \/>El paseo de las estrellas de  Hollywood ser\u00e1 sometido a una operaci\u00f3n de lavado de cara, ya que los millones  de visitas que ha recibido a lo largo de su historia han acabado por da\u00f1arlo.<br \/>&#13;<br \/>\n  <br \/>  &#13;<br \/>\n  Inaugurado en 1960 con pocas estrellas, cuenta en la actualidad con 2.365 hitos  de famosos en las categor\u00edas de televisi\u00f3n, radio, teatro, cine y grabaciones.  Es uno de los mayores reclamos tur\u00edsticos de Los \u00c1ngeles. La renovaci\u00f3n de  varias placas de m\u00e1rmol y bronce afectar\u00e1 a 778 estrellas, entre ellas, las de  la actriz Joan Collins; el cantante del grupo Humble Pie, Peter Frampton, y los  actores Walter Matthau y Burt Lancaster. Sus placas se consideran peligrosas  para la seguridad de los transe\u00fantes.<br \/>&#13;<br \/>\n  <br \/>&#13;<br \/>\nLa restauraci\u00f3n ser\u00e1 financiada  con donaciones de particulares y empresas, seg\u00fan inform\u00f3 ayer la C\u00e1mara de  Comercio de Los \u00c1ngeles. Se espera que los trabajos terminen en 2010, cuando se  cumple el 50 aniversario del paseo. La inversi\u00f3n inicial es de 2,5 millones de  euros y los famosos que tienen la suerte de ser escogidos tienen que  desembolsar 13.000 euros. <br \/>&#13;<br \/>\n<br \/>&#13;<br \/>\n\u00abEs una gran atracci\u00f3n que cada a\u00f1o convoca a  millones de visitantes de todo el mundo y una pieza preciosa que tenemos que  preservar\u00bb, dijo Leron Gubler, presidente de la C\u00e1mara de Comercio.<\/p>\n<p>&#13;<\/p>\n<h6> 2008-07-24 20:05:10 <\/h6>\n<p><!--\n<link rel=\"stylesheet\" href=\"css\/bootstrap.min.css\">\n\n\n<ul class=\"pagination\">\n\t    \n\t\n\n<li >\n\t<a href='?page_no=21179'>Previous<\/a>\n\t<\/li>\n\n\n       \n    \n\n<li><a href='?page_no=1'>1<\/a><\/li>\n\n\n\n<li><a href='?page_no=2'>2<\/a><\/li>\n\n\n\n<li><a>...<\/a><\/li>\n\n\n\n<li><a href='?page_no=21178'>21178<\/a><\/li>\n\n\n\n<li><a href='?page_no=21179'>21179<\/a><\/li>\n\n\n\n<li class='active'><a>21180<\/a><\/li>\n\n\n\n<li><a href='?page_no=21181'>21181<\/a><\/li>\n\n\n\n<li><a href='?page_no=21182'>21182<\/a><\/li>\n\n\n\n<li><a>...<\/a><\/li>\n\n\n\n<li><a href='?page_no=22522'>22522<\/a><\/li>\n\n\n\n<li><a href='?page_no=22523'>22523<\/a><\/li>\n\n    \n\t\n\n<li >\n\t<a href='?page_no=21181'>Next<\/a>\n\t<\/li>\n\n\n    \n\n<li><a href='?page_no=22523'>Last &rsaquo;&rsaquo;<\/a><\/li>\n\n<\/ul>\n\n\n--><br \/>\n<\/body><\/p>\n","protected":false},"excerpt":{"rendered":"<p>gente &#13; &#13; El Paseo de la Fama de Hollywood renovar\u00e1 las placas de 778 estrellas&#13; &#13; EL PA\u00cdS &#8211; Madrid &#8211; 24\/07\/2008 &#13; El paseo de las estrellas de Hollywood ser\u00e1 sometido a una operaci\u00f3n de lavado de cara, ya que los millones de visitas que ha recibido a lo largo de su historia [&hellip;]<\/p>\n","protected":false},"author":3,"featured_media":0,"comment_status":"open","ping_status":"open","sticky":false,"template":"","format":"standard","meta":{"footnotes":""},"categories":[25],"tags":[],"class_list":["post-92558","post","type-post","status-publish","format-standard","hentry","category-gente"],"_links":{"self":[{"href":"https:\/\/diariodominicano.com\/index.php?rest_route=\/wp\/v2\/posts\/92558","targetHints":{"allow":["GET"]}}],"collection":[{"href":"https:\/\/diariodominicano.com\/index.php?rest_route=\/wp\/v2\/posts"}],"about":[{"href":"https:\/\/diariodominicano.com\/index.php?rest_route=\/wp\/v2\/types\/post"}],"author":[{"embeddable":true,"href":"https:\/\/diariodominicano.com\/index.php?rest_route=\/wp\/v2\/users\/3"}],"replies":[{"embeddable":true,"href":"https:\/\/diariodominicano.com\/index.php?rest_route=%2Fwp%2Fv2%2Fcomments&post=92558"}],"version-history":[{"count":0,"href":"https:\/\/diariodominicano.com\/index.php?rest_route=\/wp\/v2\/posts\/92558\/revisions"}],"wp:attachment":[{"href":"https:\/\/diariodominicano.com\/index.php?rest_route=%2Fwp%2Fv2%2Fmedia&parent=92558"}],"wp:term":[{"taxonomy":"category","embeddable":true,"href":"https:\/\/diariodominicano.com\/index.php?rest_route=%2Fwp%2Fv2%2Fcategories&post=92558"},{"taxonomy":"post_tag","embeddable":true,"href":"https:\/\/diariodominicano.com\/index.php?rest_route=%2Fwp%2Fv2%2Ftags&post=92558"}],"curies":[{"name":"wp","href":"https:\/\/api.w.org\/{rel}","templated":true}]}}