{"id":92557,"date":"2008-07-24T22:56:40","date_gmt":"2008-07-24T22:56:40","guid":{"rendered":"http:\/\/diariodominicano.ddns.net\/?p=92557"},"modified":"2008-07-24T22:56:40","modified_gmt":"2008-07-24T22:56:40","slug":"mariotti-asegura-que-expo-monte-plata","status":"publish","type":"post","link":"https:\/\/diariodominicano.com\/?p=92557","title":{"rendered":"Mariotti asegura que Expo Monte Plata"},"content":{"rendered":"<p><body><\/p>\n<p class=\"titulogrande1\"><strong>Mariotti asegura que Expo Monte Plata  \u00abva y ser\u00e1 un \u00e9xito\u00bb<\/strong><\/p>\n<p>&#13;<\/p>\n<p align=\"justify\" class=\"text1noticias\"><strong><img loading=\"lazy\" decoding=\"async\" src=\"http:\/\/localhost:8080\/gente\/img\/expo monte plata.jpg\" width=\"375\" height=\"509\" hspace=\"4\" align=\"left\" \/>Santo Domingo.-<\/strong> Charlie Mariotti, senador de la  provincia Monte Plata, deneg\u00f3 los rumores que han empezado a circular que  aseguran que Expo Feria Monte Plata 2008 no se va a realizar. <br \/>&#13;<br \/>\n  <br \/>&#13;<br \/>\n  Expres\u00f3 que el accidente que tuvo mientras realizaba  una presentaci\u00f3n de las bondades naturales de la zona y que motiv\u00f3 una  operaci\u00f3n y reclusi\u00f3n hospitalaria ha hecho temer de qu\u00e9 el evento no va. <\/p>\n<p>&#13;<\/p>\n<p align=\"justify\" class=\"text1noticias\">\u00abLas labores organizativas de Expo Monte Plata no  se han detenido, pues m\u00e1s all\u00e1 de mi direcci\u00f3n tenemos un Comit\u00e9 Gestor que  encabeza el empresario Miguel Polanco y un equipo organizativo que tiene a  Adalberto Rodr\u00edguez como motorizador\u00bb, explic\u00f3. <\/p>\n<p>&#13;<\/p>\n<p align=\"justify\" class=\"text1noticias\"> Indic\u00f3 que el entusiasmo de los expositores, de los  patrocinadores y de los monteplatenses en sentido general est\u00e1 muy alto y que  todo promete que \u00abvamos a desbordar las expectativas y las metas logradas  en el 2007\u00bb. <\/p>\n<p>&#13;<\/p>\n<p align=\"justify\" class=\"text1noticias\">La inauguraci\u00f3n de Expo Monte Plata 2008 est\u00e1 pautada  para el pr\u00f3ximo viernes 1\u00a0 a las 7:00 de la noche en la Feria Ganadera de  esta capital y se estar\u00e1 desarrollando durante el d\u00eda y la noche del s\u00e1bado 2 y  domingo 3 de agosto. <\/p>\n<p>&#13;<\/p>\n<p align=\"justify\" class=\"text1noticias\"> Mariotti aprovech\u00f3 para agradecer la preocupaci\u00f3n  general por su salud y asegur\u00f3 que aunque ser\u00e1 largo el per\u00edodo de recuperaci\u00f3n  de su capacidad motora, va a estar presente en la feria \u00abaunque sea en  silla de rueda\u00bb. <\/p>\n<p>&#13;<\/p>\n<h6> 2008-07-24 22:56:40 <\/h6>\n<p><!--\n<link rel=\"stylesheet\" href=\"css\/bootstrap.min.css\">\n\n\n<ul class=\"pagination\">\n\t    \n\t\n\n<li >\n\t<a href='?page_no=21178'>Previous<\/a>\n\t<\/li>\n\n\n       \n    \n\n<li><a href='?page_no=1'>1<\/a><\/li>\n\n\n\n<li><a href='?page_no=2'>2<\/a><\/li>\n\n\n\n<li><a>...<\/a><\/li>\n\n\n\n<li><a href='?page_no=21177'>21177<\/a><\/li>\n\n\n\n<li><a href='?page_no=21178'>21178<\/a><\/li>\n\n\n\n<li class='active'><a>21179<\/a><\/li>\n\n\n\n<li><a href='?page_no=21180'>21180<\/a><\/li>\n\n\n\n<li><a href='?page_no=21181'>21181<\/a><\/li>\n\n\n\n<li><a>...<\/a><\/li>\n\n\n\n<li><a href='?page_no=22522'>22522<\/a><\/li>\n\n\n\n<li><a href='?page_no=22523'>22523<\/a><\/li>\n\n    \n\t\n\n<li >\n\t<a href='?page_no=21180'>Next<\/a>\n\t<\/li>\n\n\n    \n\n<li><a href='?page_no=22523'>Last &rsaquo;&rsaquo;<\/a><\/li>\n\n<\/ul>\n\n\n--><br \/>\n<\/body><\/p>\n","protected":false},"excerpt":{"rendered":"<p>Mariotti asegura que Expo Monte Plata \u00abva y ser\u00e1 un \u00e9xito\u00bb &#13; Santo Domingo.- Charlie Mariotti, senador de la provincia Monte Plata, deneg\u00f3 los rumores que han empezado a circular que aseguran que Expo Feria Monte Plata 2008 no se va a realizar. &#13; &#13; Expres\u00f3 que el accidente que tuvo mientras realizaba una presentaci\u00f3n [&hellip;]<\/p>\n","protected":false},"author":3,"featured_media":0,"comment_status":"open","ping_status":"open","sticky":false,"template":"","format":"standard","meta":{"footnotes":""},"categories":[25],"tags":[],"class_list":["post-92557","post","type-post","status-publish","format-standard","hentry","category-gente"],"_links":{"self":[{"href":"https:\/\/diariodominicano.com\/index.php?rest_route=\/wp\/v2\/posts\/92557","targetHints":{"allow":["GET"]}}],"collection":[{"href":"https:\/\/diariodominicano.com\/index.php?rest_route=\/wp\/v2\/posts"}],"about":[{"href":"https:\/\/diariodominicano.com\/index.php?rest_route=\/wp\/v2\/types\/post"}],"author":[{"embeddable":true,"href":"https:\/\/diariodominicano.com\/index.php?rest_route=\/wp\/v2\/users\/3"}],"replies":[{"embeddable":true,"href":"https:\/\/diariodominicano.com\/index.php?rest_route=%2Fwp%2Fv2%2Fcomments&post=92557"}],"version-history":[{"count":0,"href":"https:\/\/diariodominicano.com\/index.php?rest_route=\/wp\/v2\/posts\/92557\/revisions"}],"wp:attachment":[{"href":"https:\/\/diariodominicano.com\/index.php?rest_route=%2Fwp%2Fv2%2Fmedia&parent=92557"}],"wp:term":[{"taxonomy":"category","embeddable":true,"href":"https:\/\/diariodominicano.com\/index.php?rest_route=%2Fwp%2Fv2%2Fcategories&post=92557"},{"taxonomy":"post_tag","embeddable":true,"href":"https:\/\/diariodominicano.com\/index.php?rest_route=%2Fwp%2Fv2%2Ftags&post=92557"}],"curies":[{"name":"wp","href":"https:\/\/api.w.org\/{rel}","templated":true}]}}