{"id":92556,"date":"2008-07-24T23:00:01","date_gmt":"2008-07-24T23:00:01","guid":{"rendered":"http:\/\/diariodominicano.ddns.net\/?p=92556"},"modified":"2008-07-24T23:00:01","modified_gmt":"2008-07-24T23:00:01","slug":"cualquier-dia-de-kany-garcia-recibe-disco-de-oro","status":"publish","type":"post","link":"https:\/\/diariodominicano.com\/?p=92556","title":{"rendered":"\u201cCualquier D\u00eda\u201d de Kany Garc\u00eda recibe disco de oro"},"content":{"rendered":"<p><body><\/p>\n<p align=\"justify\"><strong class=\"titulogrande1\">\u201cCualquier  D\u00eda\u201dde Kany Garc\u00eda recibe disco de oro<\/strong><br \/>&#13;<br \/>\n  <br \/>&#13;<br \/>\n    <span class=\"text1noticias\"><strong>RIAA la  galardon\u00f3 por sobrepasar las 50 mil copias vendidas de su disco<\/strong><br \/>&#13;<br \/>\n    <br \/>&#13;<br \/>\n    <strong>La artista  se encuentra de gira y este fin de semana viajar\u00e1 a Rep\u00fablica Dominicana<\/strong><br \/>&#13;<br \/>\n    <br \/>&#13;<br \/>\n    <strong>En el mes  de agosto se estar\u00e1 presentando en varias ciudades de Estados Unidos<\/strong><br \/>&#13;<br \/>\n    <br \/>&#13;<br \/>\n    <strong><img loading=\"lazy\" decoding=\"async\" src=\"http:\/\/localhost:8080\/gente\/img\/kani gacia.jpg\" width=\"375\" height=\"284\" hspace=\"4\" align=\"left\" \/>Miami, FL.-<\/strong> La ganadora de dos premios Billboard a la M\u00fasica Latina, <strong>Kany Garc\u00eda<\/strong>, fue galardonada con un  disco de oro certificado por la R.I.A.A. (<strong>Recording  Industry Association of America)<\/strong>por  sobrepasar las 50 mil copias vendidas de su disco \u201cCualquier D\u00eda\u201d.<br \/>&#13;<br \/>\n    <br \/>&#13;<br \/>\n    La entrega del  reconocimiento se llev\u00f3 a cabo anoche durante la grabaci\u00f3n del programa de  televisi\u00f3n \u201cAnda Pa\u2019l Car\u00e1 de Gala\u201d, dedicado completamente a la novel  cantautora y que ser\u00e1 transmitido este viernes 25 de julio por Univisi\u00f3n Puerto  Rico.<br \/>&#13;<br \/>\n    <br \/>&#13;<br \/>\n    Kany Garc\u00eda ha  logrado colocarse en los primeros lugares de audiencia radial en su isla,  Estados Unidos y M\u00e9xico con varios de sus \u00e9xitos como \u201cHoy ya me voy\u201d, \u201c\u00bfQu\u00e9  nos pas\u00f3?\u201d y \u201cMi amigo en el ba\u00f1o\u201d, a tan solo un a\u00f1o de haber grabado su  primera producci\u00f3n discogr\u00e1fica. \u201cEl esfuerzo de un artista s\u00f3lo es realmente  hermoso cuando existe una respuesta por parte de nuestra gente. Hoy estoy y soy  por ustedes. Gracias.\u201d expres\u00f3 Kany Garc\u00eda.<br \/>&#13;<br \/>\n    <br \/>&#13;<br \/>\n\u201cPara nosotros en Sony  BMG Music es un orgullo entregarle este gran reconocimiento a Kany Garc\u00eda por  sus logros alcanzados en tan solo un a\u00f1o de haber lanzado su primer disco como  solista\u201d, coment\u00f3 <strong>Tuti Bou<\/strong>,  Directora de Sony BMG Music Puerto Rico.<br \/>&#13;<br \/>\n<br \/>&#13;<br \/>\nLa int\u00e9rprete de  \u201cEsta soledad\u201d viajar\u00e1 este fin de semana a Santo Domingo, Rep\u00fablica  Dominicana, donde se presentar\u00e1 en el Hard Rock Caf\u00e9 y en el festival de playa  de la Cervecer\u00eda Nacional Dominicana con su marca l\u00edder Presidente.<\/span><\/p>\n<p>&#13;<\/p>\n<p align=\"justify\" class=\"text1noticias\">En el mes de agosto  viajar\u00e1 a ciudades de Estados Unidos tales como Miami y Austin. Luego regresa a  Puerto Rico para cantar en las fiestas patronales de Comerio, el mi\u00e9rcoles 6 de  agosto y en Cayey, el jueves 14 de agosto.<br \/>&#13;<br \/>\n  <br \/>&#13;<br \/>\n  Luego se trasladar\u00e1  a M\u00e9xico por tres meses donde se presentar\u00e1 en varias ciudades.\u00a0 <\/p>\n<p>&#13;<\/p>\n<h6> 2008-07-24 23:00:01 <\/h6>\n<p><!--\n<link rel=\"stylesheet\" href=\"css\/bootstrap.min.css\">\n\n\n<ul class=\"pagination\">\n\t    \n\t\n\n<li >\n\t<a href='?page_no=21177'>Previous<\/a>\n\t<\/li>\n\n\n       \n    \n\n<li><a href='?page_no=1'>1<\/a><\/li>\n\n\n\n<li><a href='?page_no=2'>2<\/a><\/li>\n\n\n\n<li><a>...<\/a><\/li>\n\n\n\n<li><a href='?page_no=21176'>21176<\/a><\/li>\n\n\n\n<li><a href='?page_no=21177'>21177<\/a><\/li>\n\n\n\n<li class='active'><a>21178<\/a><\/li>\n\n\n\n<li><a href='?page_no=21179'>21179<\/a><\/li>\n\n\n\n<li><a href='?page_no=21180'>21180<\/a><\/li>\n\n\n\n<li><a>...<\/a><\/li>\n\n\n\n<li><a href='?page_no=22522'>22522<\/a><\/li>\n\n\n\n<li><a href='?page_no=22523'>22523<\/a><\/li>\n\n    \n\t\n\n<li >\n\t<a href='?page_no=21179'>Next<\/a>\n\t<\/li>\n\n\n    \n\n<li><a href='?page_no=22523'>Last &rsaquo;&rsaquo;<\/a><\/li>\n\n<\/ul>\n\n\n--><br \/>\n<\/body><\/p>\n","protected":false},"excerpt":{"rendered":"<p>\u201cCualquier D\u00eda\u201dde Kany Garc\u00eda recibe disco de oro&#13; &#13; RIAA la galardon\u00f3 por sobrepasar las 50 mil copias vendidas de su disco&#13; &#13; La artista se encuentra de gira y este fin de semana viajar\u00e1 a Rep\u00fablica Dominicana&#13; &#13; En el mes de agosto se estar\u00e1 presentando en varias ciudades de Estados Unidos&#13; &#13; Miami, [&hellip;]<\/p>\n","protected":false},"author":3,"featured_media":0,"comment_status":"open","ping_status":"open","sticky":false,"template":"","format":"standard","meta":{"footnotes":""},"categories":[25],"tags":[],"class_list":["post-92556","post","type-post","status-publish","format-standard","hentry","category-gente"],"_links":{"self":[{"href":"https:\/\/diariodominicano.com\/index.php?rest_route=\/wp\/v2\/posts\/92556","targetHints":{"allow":["GET"]}}],"collection":[{"href":"https:\/\/diariodominicano.com\/index.php?rest_route=\/wp\/v2\/posts"}],"about":[{"href":"https:\/\/diariodominicano.com\/index.php?rest_route=\/wp\/v2\/types\/post"}],"author":[{"embeddable":true,"href":"https:\/\/diariodominicano.com\/index.php?rest_route=\/wp\/v2\/users\/3"}],"replies":[{"embeddable":true,"href":"https:\/\/diariodominicano.com\/index.php?rest_route=%2Fwp%2Fv2%2Fcomments&post=92556"}],"version-history":[{"count":0,"href":"https:\/\/diariodominicano.com\/index.php?rest_route=\/wp\/v2\/posts\/92556\/revisions"}],"wp:attachment":[{"href":"https:\/\/diariodominicano.com\/index.php?rest_route=%2Fwp%2Fv2%2Fmedia&parent=92556"}],"wp:term":[{"taxonomy":"category","embeddable":true,"href":"https:\/\/diariodominicano.com\/index.php?rest_route=%2Fwp%2Fv2%2Fcategories&post=92556"},{"taxonomy":"post_tag","embeddable":true,"href":"https:\/\/diariodominicano.com\/index.php?rest_route=%2Fwp%2Fv2%2Ftags&post=92556"}],"curies":[{"name":"wp","href":"https:\/\/api.w.org\/{rel}","templated":true}]}}