{"id":92555,"date":"2008-07-24T23:03:12","date_gmt":"2008-07-24T23:03:12","guid":{"rendered":"http:\/\/diariodominicano.ddns.net\/?p=92555"},"modified":"2008-07-24T23:03:12","modified_gmt":"2008-07-24T23:03:12","slug":"alberto-cortez-presentara-un-derroche-de-nostalgia-y-grandes-composiciones","status":"publish","type":"post","link":"https:\/\/diariodominicano.com\/?p=92555","title":{"rendered":"Alberto Cort\u00e9z presentar\u00e1 un derroche de nostalgia y grandes composiciones"},"content":{"rendered":"<p><body><\/p>\n<p align=\"justify\"><span class=\"titulogrande1\">Alberto Cort\u00e9z presentar\u00e1 un  derroche de nostalgia y grandes composiciones<\/span><br \/>&#13;<br \/>\n  \u00a0<br \/>&#13;<br \/>\n  <span class=\"text1noticias\"><strong><img loading=\"lazy\" decoding=\"async\" src=\"http:\/\/localhost:8080\/gente\/img\/alberto cortes.jpg\" width=\"375\" height=\"1764\" hspace=\"4\" align=\"left\" \/>SANTO DOMINGO.-<\/strong> Poseedor de  una de las carreras m\u00e1s largas, prol\u00edficas, completas e importantes en la  historia de la m\u00fasica latinoamericana, el cantautor argentino Alberto Cort\u00e8z sostuvo  un encuentro con los medios especializados del espect\u00e1culo en Rep\u00fablica  Dominicana con motivo de sus dos presentaciones art\u00edsticas en suelo nacional a  beneficio del Patronato Nacional de Ciegos.<br \/>&#13;<br \/>\n  \u00a0<br \/>&#13;<br \/>\n  A poco m\u00e1s de 24 horas de que  los Padres Dominicanos se entreguen en un sue\u00f1o musical, Cort\u00e8z manifest\u00f3 que  \u00abestaba feliz por regresar a esta tierra bendita y cargada de color, estas  dos presentaciones son una especie de antolog\u00eda que recoge mis \u00e9xitos, de los  cuales espero que cada dominicano se deje arrastrar con mis canciones\u00bb. <br \/>&#13;<br \/>\n  \u00a0<br \/>&#13;<br \/>\n  La m\u00fasica es un idioma. Por  esta raz\u00f3n, Alberto Cort\u00e8z revel\u00f3 su f\u00f3rmula para lograr todo lo que ha logrado  hasta ahora: \u00abYo soy como cualquier otro, tengo una profesi\u00f3n, un oficio y  lo desarrollo de la mejor manera posible, ning\u00fan tipo de arte es hobby y los  que nos dedicamos al arte, vivimos por ello\u00bb.<br \/>&#13;<br \/>\n  \u00a0<br \/>&#13;<br \/>\n  De su lado, Estela N\u00fa\u00f1ez de  Corporaci\u00f3n EM, sostuvo que \u00abeste es, sin duda, un interesante concierto  que no se puede perder ning\u00fan progenitor dominicano. La sugerencia es deleitarse  este fin de semana con esta excelente e incre\u00edble comuni\u00f3n que lograr\u00e1 la  excepcional voz y magistrales composiciones de Alberto Cort\u00e8z, compartiendo  sonidos y su talento en dos \u00fanicas presentaciones en Santo Domingo y  Santiago\u00bb.<br \/>&#13;<br \/>\n  \u00a0<br \/>&#13;<br \/>\n  Dawning Liriano, Productor  General de Santiago, agreg\u00f3 tambi\u00e9n que \u00abhay gran expectativa con los  conciertos de este artista y a\u00fan quedan boletas disponibles para asistir a  ambas presentaciones. <br \/>&#13;<br \/>\n  <br \/>&#13;<br \/>\n  Todo apunta a que ser\u00e1n dos noches inolvidables para los  amantes de la m\u00fasica de Cortez\u00bb. <br \/>&#13;<br \/>\n  \u00a0<br \/>&#13;<br \/>\n  Este hist\u00f3rico cantautor y  compositor pampino que estar\u00e1 durante este fin de semana en suelo nacional,  presentar\u00e1 su \u00e1lbum Ac\u00fastico, grabado en el Teatro Albaniz de Madrid con  presentaciones el viernes en el Teatro La Fiesta del Hotel Jaragua en Santo Domingo y el  s\u00e1bado en el Gran Teatro del Cibao, en Santiago.<br \/>&#13;<br \/>\n  \u00a0<br \/>&#13;<br \/>\n  Las personas que adquieran el  CD este viernes, podr\u00e1n tener su copia autografiada en la presentaci\u00f3n del  viernes en el Teatro La Fiesta  del Jaragua, y el s\u00e1bado en el Gran Teatro del Cibao en Santiago.<br \/>&#13;<br \/>\n  \u00a0<br \/>&#13;<br \/>\n  Mientras, que como  contraparte y con un sello distintivo en la ejecuci\u00f3n se presentar\u00e1 Azzul Jazz  Group, una agrupaci\u00f3n que lleva sobre su espalda el derroche de talento y  veteran\u00eca de cada uno de sus integrantes. <br \/>&#13;<br \/>\n  <br \/>&#13;<br \/>\n  Azzul Jazz Group consigue transmitir  con sentida mezcla entre metales, bajo, piano y percusi\u00f3n, repertorios que  vienen desde el jazz m\u00e1s tradicional hasta el colorido intenso del latin jazz  en todas sus variantes.<br \/>&#13;<br \/>\n  \u00a0<br \/>&#13;<br \/>\n  Azzul Jazz Group est\u00e1  integrado por: Guarionex Merette en el saxo, Moreno Fassi en el tromb\u00f3n,  Bienvenido Dinzey en el piano, Wellington Valenzuela en la bater\u00eda y Gustavo  (cuquito) More en el bajo. <br \/>&#13;<br \/>\n  \u00a0<br \/>&#13;<br \/>\nDurante el encuentro,  estuvieron presentes ejecutivos de Orange Dominicana, Estela N\u00fa\u00f1ez de  Corporaci\u00f3n EM, Dawning Liriano de Amatier Producciones, Elka N\u00fa\u00f1ez, encargada  de la producci\u00f3n t\u00e9cnica y directivos del Patronato Nacional de Ciegos.<\/span><\/p>\n<p>&#13;<\/p>\n<h6> 2008-07-24 23:03:12 <\/h6>\n<p><!--\n<link rel=\"stylesheet\" href=\"css\/bootstrap.min.css\">\n\n\n<ul class=\"pagination\">\n\t    \n\t\n\n<li >\n\t<a href='?page_no=21176'>Previous<\/a>\n\t<\/li>\n\n\n       \n    \n\n<li><a href='?page_no=1'>1<\/a><\/li>\n\n\n\n<li><a href='?page_no=2'>2<\/a><\/li>\n\n\n\n<li><a>...<\/a><\/li>\n\n\n\n<li><a href='?page_no=21175'>21175<\/a><\/li>\n\n\n\n<li><a href='?page_no=21176'>21176<\/a><\/li>\n\n\n\n<li class='active'><a>21177<\/a><\/li>\n\n\n\n<li><a href='?page_no=21178'>21178<\/a><\/li>\n\n\n\n<li><a href='?page_no=21179'>21179<\/a><\/li>\n\n\n\n<li><a>...<\/a><\/li>\n\n\n\n<li><a href='?page_no=22522'>22522<\/a><\/li>\n\n\n\n<li><a href='?page_no=22523'>22523<\/a><\/li>\n\n    \n\t\n\n<li >\n\t<a href='?page_no=21178'>Next<\/a>\n\t<\/li>\n\n\n    \n\n<li><a href='?page_no=22523'>Last &rsaquo;&rsaquo;<\/a><\/li>\n\n<\/ul>\n\n\n--><br \/>\n<\/body><\/p>\n","protected":false},"excerpt":{"rendered":"<p>Alberto Cort\u00e9z presentar\u00e1 un derroche de nostalgia y grandes composiciones&#13; \u00a0&#13; SANTO DOMINGO.- Poseedor de una de las carreras m\u00e1s largas, prol\u00edficas, completas e importantes en la historia de la m\u00fasica latinoamericana, el cantautor argentino Alberto Cort\u00e8z sostuvo un encuentro con los medios especializados del espect\u00e1culo en Rep\u00fablica Dominicana con motivo de sus dos presentaciones [&hellip;]<\/p>\n","protected":false},"author":3,"featured_media":0,"comment_status":"open","ping_status":"open","sticky":false,"template":"","format":"standard","meta":{"footnotes":""},"categories":[25],"tags":[],"class_list":["post-92555","post","type-post","status-publish","format-standard","hentry","category-gente"],"_links":{"self":[{"href":"https:\/\/diariodominicano.com\/index.php?rest_route=\/wp\/v2\/posts\/92555","targetHints":{"allow":["GET"]}}],"collection":[{"href":"https:\/\/diariodominicano.com\/index.php?rest_route=\/wp\/v2\/posts"}],"about":[{"href":"https:\/\/diariodominicano.com\/index.php?rest_route=\/wp\/v2\/types\/post"}],"author":[{"embeddable":true,"href":"https:\/\/diariodominicano.com\/index.php?rest_route=\/wp\/v2\/users\/3"}],"replies":[{"embeddable":true,"href":"https:\/\/diariodominicano.com\/index.php?rest_route=%2Fwp%2Fv2%2Fcomments&post=92555"}],"version-history":[{"count":0,"href":"https:\/\/diariodominicano.com\/index.php?rest_route=\/wp\/v2\/posts\/92555\/revisions"}],"wp:attachment":[{"href":"https:\/\/diariodominicano.com\/index.php?rest_route=%2Fwp%2Fv2%2Fmedia&parent=92555"}],"wp:term":[{"taxonomy":"category","embeddable":true,"href":"https:\/\/diariodominicano.com\/index.php?rest_route=%2Fwp%2Fv2%2Fcategories&post=92555"},{"taxonomy":"post_tag","embeddable":true,"href":"https:\/\/diariodominicano.com\/index.php?rest_route=%2Fwp%2Fv2%2Ftags&post=92555"}],"curies":[{"name":"wp","href":"https:\/\/api.w.org\/{rel}","templated":true}]}}