{"id":92554,"date":"2008-07-24T23:07:20","date_gmt":"2008-07-24T23:07:20","guid":{"rendered":"http:\/\/diariodominicano.ddns.net\/?p=92554"},"modified":"2008-07-24T23:07:20","modified_gmt":"2008-07-24T23:07:20","slug":"expertos-exponen-en-foro-sobre-merengue","status":"publish","type":"post","link":"https:\/\/diariodominicano.com\/?p=92554","title":{"rendered":"Expertos exponen en foro sobre merengue"},"content":{"rendered":"<p><body><\/p>\n<p class=\"titulogrande1\">Expertos exponen en foro sobre merengue<\/p>\n<p>&#13;<\/p>\n<p align=\"justify\" class=\"text1noticias\"><strong>El evento acad\u00e9mico marc\u00f3 el inicio del<\/strong> <strong>programa oficial de actividades del<\/strong> <strong>Festival de Merengue.<\/strong><\/p>\n<p>&#13;<\/p>\n<p align=\"justify\" class=\"text1noticias\"><strong><img loading=\"lazy\" decoding=\"async\" src=\"http:\/\/localhost:8080\/gente\/img\/foro merengue.jpg\" width=\"375\" height=\"2023\" hspace=\"4\" align=\"left\" \/>Santo Domingo.-<\/strong> El Merengue, expresi\u00f3n cultural m\u00e1s genuina de la  dominicana, fue el foro que organiz\u00f3 la Universidad Apec (UNAPEC) y el Cl\u00faster  de Turismo de Santo Domingo, y donde se\u00a0  resalt\u00f3 la necesidad de que este ritmo no se desnaturalice y se mantenga  como patrimonio cultural de los dominicanos.<\/p>\n<p>&#13;<\/p>\n<p align=\"justify\" class=\"text1noticias\"> La actividad acad\u00e9mica se llev\u00f3 a cabo ayer, jueves 24, en el auditorio doctor Leonel  Rodr\u00edguez Rid de UNAPEC, y estuvo encabezada por su vicerrector, Carlos  Sangiovanni; el presidente de Cl\u00faster Tur\u00edstico de Santo Domingo, Freddy  Ginebra; la sub secretar\u00eda de Turismo, Iris P\u00e9rez; y el decano de la Escuela de  Turismo, Lu\u00eds Felipe Aquino.<\/p>\n<p>&#13;<\/p>\n<p align=\"justify\" class=\"text1noticias\"> Las exposiciones estuvieron a cargo de Huchi Lora, Rafael  Solano y Catana P\u00e9rez de Cuello, quienes presentaron varias investigaciones  sobre este ritmo y sobre los instrumentos musicales que lo conforman.<\/p>\n<p>&#13;<\/p>\n<p align=\"justify\" class=\"text1noticias\"> El licenciado Sangiovanni dijo que desde hace varias  d\u00e9cadas se ha vuelto m\u00e1s compleja la definici\u00f3n de qu\u00e9 es y qu\u00e9 no es m\u00fasica,  ya que destacados compositores, en el marco de diversas experiencias  art\u00edsticas, han realizado obras que, si bien podr\u00edan considerarse musicales,  expanden los l\u00edmites de la definici\u00f3n de este arte.<\/p>\n<p>&#13;<\/p>\n<p align=\"justify\" class=\"text1noticias\"> Agreg\u00f3 que la m\u00fasica, como toda manifestaci\u00f3n art\u00edstica,  suscita una experiencia est\u00e9tica en el oyente al expresar sentimientos,  circunstancias, pensamientos e ideas.<\/p>\n<p>&#13;<\/p>\n<p align=\"justify\" class=\"text1noticias\"> Sostuvo que este g\u00e9nero es un est\u00edmulo que afecta el  campo perceptivo del individuo y que cumple con varias funciones como el  entretenimiento, la comunicaci\u00f3n, la ambientaci\u00f3n y el placer.<\/p>\n<p>&#13;<\/p>\n<p align=\"justify\" class=\"text1noticias\"> Estim\u00f3 que la m\u00fasica es un producto cultural y al ser la  universidad un ente mediador en la construcci\u00f3n de cultura, como corresponde a  todo proyecto educativo, no puede excluirse en el desarrollo del temas que, por  su naturaleza, pudieran percibirse como alejado de la misi\u00f3n institucional de  UNAPEC.<\/p>\n<p>&#13;<\/p>\n<p align=\"justify\" class=\"text1noticias\"> El evento incluy\u00f3 una visita a la casona de Apec, antigua  casa de la madre del tirano Rafael Le\u00f3nidas Trujillo, donde el presidente de  Programa Apec Cultural, arquitecto C\u00e9sar Iv\u00e1n Feris Iglesias, hizo una rese\u00f1a  hist\u00f3rica y arquitect\u00f3nica de la casona y del mural de Velazanetti, el cual  muestra una estampa campesina de un perico ripiao.\u00a0 <\/p>\n<p>&#13;<\/p>\n<p align=\"justify\" class=\"text1noticias\"> La organizaci\u00f3n del foro se hizo a trav\u00e9s del Decanto de  Turismo de UNAPEC, y cont\u00f3 con el apoyo log\u00edstico de los estudiantes del noveno  cuatrimestre de la carrera administraci\u00f3n tur\u00edstica y hotelera, de la  asignatura organizaci\u00f3n de Eventos, como parte de sus pr\u00e1cticas.<\/p>\n<p>&#13;<\/p>\n<h6> 2008-07-24 23:07:20 <\/h6>\n<p><!--\n<link rel=\"stylesheet\" href=\"css\/bootstrap.min.css\">\n\n\n<ul class=\"pagination\">\n\t    \n\t\n\n<li >\n\t<a href='?page_no=21175'>Previous<\/a>\n\t<\/li>\n\n\n       \n    \n\n<li><a href='?page_no=1'>1<\/a><\/li>\n\n\n\n<li><a href='?page_no=2'>2<\/a><\/li>\n\n\n\n<li><a>...<\/a><\/li>\n\n\n\n<li><a href='?page_no=21174'>21174<\/a><\/li>\n\n\n\n<li><a href='?page_no=21175'>21175<\/a><\/li>\n\n\n\n<li class='active'><a>21176<\/a><\/li>\n\n\n\n<li><a href='?page_no=21177'>21177<\/a><\/li>\n\n\n\n<li><a href='?page_no=21178'>21178<\/a><\/li>\n\n\n\n<li><a>...<\/a><\/li>\n\n\n\n<li><a href='?page_no=22522'>22522<\/a><\/li>\n\n\n\n<li><a href='?page_no=22523'>22523<\/a><\/li>\n\n    \n\t\n\n<li >\n\t<a href='?page_no=21177'>Next<\/a>\n\t<\/li>\n\n\n    \n\n<li><a href='?page_no=22523'>Last &rsaquo;&rsaquo;<\/a><\/li>\n\n<\/ul>\n\n\n--><br \/>\n<\/body><\/p>\n","protected":false},"excerpt":{"rendered":"<p>Expertos exponen en foro sobre merengue &#13; El evento acad\u00e9mico marc\u00f3 el inicio del programa oficial de actividades del Festival de Merengue. &#13; Santo Domingo.- El Merengue, expresi\u00f3n cultural m\u00e1s genuina de la dominicana, fue el foro que organiz\u00f3 la Universidad Apec (UNAPEC) y el Cl\u00faster de Turismo de Santo Domingo, y donde se\u00a0 resalt\u00f3 [&hellip;]<\/p>\n","protected":false},"author":3,"featured_media":0,"comment_status":"open","ping_status":"open","sticky":false,"template":"","format":"standard","meta":{"footnotes":""},"categories":[25],"tags":[],"class_list":["post-92554","post","type-post","status-publish","format-standard","hentry","category-gente"],"_links":{"self":[{"href":"https:\/\/diariodominicano.com\/index.php?rest_route=\/wp\/v2\/posts\/92554","targetHints":{"allow":["GET"]}}],"collection":[{"href":"https:\/\/diariodominicano.com\/index.php?rest_route=\/wp\/v2\/posts"}],"about":[{"href":"https:\/\/diariodominicano.com\/index.php?rest_route=\/wp\/v2\/types\/post"}],"author":[{"embeddable":true,"href":"https:\/\/diariodominicano.com\/index.php?rest_route=\/wp\/v2\/users\/3"}],"replies":[{"embeddable":true,"href":"https:\/\/diariodominicano.com\/index.php?rest_route=%2Fwp%2Fv2%2Fcomments&post=92554"}],"version-history":[{"count":0,"href":"https:\/\/diariodominicano.com\/index.php?rest_route=\/wp\/v2\/posts\/92554\/revisions"}],"wp:attachment":[{"href":"https:\/\/diariodominicano.com\/index.php?rest_route=%2Fwp%2Fv2%2Fmedia&parent=92554"}],"wp:term":[{"taxonomy":"category","embeddable":true,"href":"https:\/\/diariodominicano.com\/index.php?rest_route=%2Fwp%2Fv2%2Fcategories&post=92554"},{"taxonomy":"post_tag","embeddable":true,"href":"https:\/\/diariodominicano.com\/index.php?rest_route=%2Fwp%2Fv2%2Ftags&post=92554"}],"curies":[{"name":"wp","href":"https:\/\/api.w.org\/{rel}","templated":true}]}}