{"id":92553,"date":"2008-07-24T23:25:22","date_gmt":"2008-07-24T23:25:22","guid":{"rendered":"http:\/\/diariodominicano.ddns.net\/?p=92553"},"modified":"2008-07-24T23:25:22","modified_gmt":"2008-07-24T23:25:22","slug":"mas-de-200-jovenes-participaran-en-el-ix-campamento-de-juventud-caribe-en-la-region-sur","status":"publish","type":"post","link":"https:\/\/diariodominicano.com\/?p=92553","title":{"rendered":"M\u00e1s de 200 j\u00f3venes participar\u00e1n en el IX campamento de Juventud Caribe en la Regi\u00f3n Sur"},"content":{"rendered":"<p><body><\/p>\n<p align=\"justify\" class=\"titulogrande1\"><strong>M\u00e1s de 200  j\u00f3venes participar\u00e1n en el IX campamento\u00a0\u00a0de Juventud Caribe en\u00a0 la Regi\u00f3n Sur<\/strong><\/p>\n<p>&#13;<\/p>\n<p align=\"justify\" class=\"text1noticias\"><strong>Rep Dom.-<\/strong> El frente juvenil de la Regi\u00f3n Sur del Movimiento Independencia, Unidad y Cambio  MIUCA;\u00a0 celebrar\u00e1\u00a0 los d\u00edas\u00a0  viernes 25, s\u00e1bado 26 y domingo  27 de julio su noveno campamento.<\/p>\n<p>&#13;<\/p>\n<p align=\"justify\" class=\"text1noticias\">M\u00e1s de 200 j\u00f3venes los pueblos son San Crist\u00f3bal, Bani, Ocoa, Azua; Barahona,  Provincia Independencia, y San Juan de la Maguana, discutir\u00e1n\u00a0 durante\u00a0  tres d\u00edas\u00a0 diversos temas de la  problem\u00e1tica\u00a0 nacional. <\/p>\n<p>&#13;<\/p>\n<p align=\"justify\" class=\"text1noticias\">\u00abEl \u00a0Medio Ambiente y su repercusi\u00f3n en la Producci\u00f3n Alimenticia<strong>\u201d<\/strong>\u00a0 a Cargo de los Ings.  Roberto S\u00e1nchez y Milton Mart\u00ednez; \u00a0\u201cLa  corrupci\u00f3n y su impacto en la juventud\u201d a Cargo del Dr. Guillermo Moreno.  \u201cRelaciones Interfamiliares y su relaci\u00f3n con los medios de comunicaci\u00f3n\u201d. Son  de los puntos\u00a0 que ser\u00e1n analizados por  los j\u00f3venes en el IX Campamento de la Regi\u00f3n Sur.<\/p>\n<p>&#13;<\/p>\n<p align=\"justify\" class=\"text1noticias\">El IX Campamento Regional Sur, que ser\u00e1  celebrado en el Distrito Municipal de Santana\u00a0  en la Provincia  de Peravia, ser\u00e1 inaugurado este viernes, a las 8: PM en el local de la CENACID, seguido de un acto  cultural. \u00a0\u00a0<\/p>\n<p>&#13;<\/p>\n<p align=\"justify\" class=\"text1noticias\">Los j\u00f3venes adem\u00e1s de participar en las\u00a0 discusiones de las mesas de inter\u00e9s que ser\u00e1n  instaladas, tambi\u00e9n realizaran actividades recreativas, culturales, fiestas  populares, deportivas, la que incluye un ba\u00f1o en ri\u00f3 Nizao. \u00a0<\/p>\n<p>&#13;<\/p>\n<p align=\"justify\" class=\"text1noticias\">El IX campamento Regional Sur, forma partes  de los campamentos regionales que realiza nuestra organizaci\u00f3n con mira al\u00a0 campamento nacional y congreso del Juventud  Caribe y el Frente Estudiantil Flavio Suero-Feflas, a celebrarse el\u00a0 29,30 y 31 de agosto del presente a\u00f1o. <br \/>&#13;<br \/>\n  \u00a0 <br \/>&#13;<br \/>\n  Miguel Sosa<br \/>&#13;<br \/>\n  Presidente  de Juventud Caribe<\/p>\n<p>&#13;<\/p>\n<p align=\"justify\" class=\"text1noticias\">Danny  Marcelino<br \/>&#13;<br \/>\n  Presidente  del Feflas<\/p>\n<p>&#13;<\/p>\n<p align=\"justify\" class=\"text1noticias\">Juan  Dionicio Rodr\u00edguez Restituyo<br \/>&#13;<br \/>\n  Secretario  General del Miuca<\/p>\n<p>&#13;<\/p>\n<h6> 2008-07-24 23:25:22 <\/h6>\n<p><!--\n<link rel=\"stylesheet\" href=\"css\/bootstrap.min.css\">\n\n\n<ul class=\"pagination\">\n\t    \n\t\n\n<li >\n\t<a href='?page_no=21174'>Previous<\/a>\n\t<\/li>\n\n\n       \n    \n\n<li><a href='?page_no=1'>1<\/a><\/li>\n\n\n\n<li><a href='?page_no=2'>2<\/a><\/li>\n\n\n\n<li><a>...<\/a><\/li>\n\n\n\n<li><a href='?page_no=21173'>21173<\/a><\/li>\n\n\n\n<li><a href='?page_no=21174'>21174<\/a><\/li>\n\n\n\n<li class='active'><a>21175<\/a><\/li>\n\n\n\n<li><a href='?page_no=21176'>21176<\/a><\/li>\n\n\n\n<li><a href='?page_no=21177'>21177<\/a><\/li>\n\n\n\n<li><a>...<\/a><\/li>\n\n\n\n<li><a href='?page_no=22522'>22522<\/a><\/li>\n\n\n\n<li><a href='?page_no=22523'>22523<\/a><\/li>\n\n    \n\t\n\n<li >\n\t<a href='?page_no=21176'>Next<\/a>\n\t<\/li>\n\n\n    \n\n<li><a href='?page_no=22523'>Last &rsaquo;&rsaquo;<\/a><\/li>\n\n<\/ul>\n\n\n--><br \/>\n<\/body><\/p>\n","protected":false},"excerpt":{"rendered":"<p>M\u00e1s de 200 j\u00f3venes participar\u00e1n en el IX campamento\u00a0\u00a0de Juventud Caribe en\u00a0 la Regi\u00f3n Sur &#13; Rep Dom.- El frente juvenil de la Regi\u00f3n Sur del Movimiento Independencia, Unidad y Cambio MIUCA;\u00a0 celebrar\u00e1\u00a0 los d\u00edas\u00a0 viernes 25, s\u00e1bado 26 y domingo 27 de julio su noveno campamento. &#13; M\u00e1s de 200 j\u00f3venes los pueblos son [&hellip;]<\/p>\n","protected":false},"author":3,"featured_media":0,"comment_status":"open","ping_status":"open","sticky":false,"template":"","format":"standard","meta":{"footnotes":""},"categories":[25],"tags":[],"class_list":["post-92553","post","type-post","status-publish","format-standard","hentry","category-gente"],"_links":{"self":[{"href":"https:\/\/diariodominicano.com\/index.php?rest_route=\/wp\/v2\/posts\/92553","targetHints":{"allow":["GET"]}}],"collection":[{"href":"https:\/\/diariodominicano.com\/index.php?rest_route=\/wp\/v2\/posts"}],"about":[{"href":"https:\/\/diariodominicano.com\/index.php?rest_route=\/wp\/v2\/types\/post"}],"author":[{"embeddable":true,"href":"https:\/\/diariodominicano.com\/index.php?rest_route=\/wp\/v2\/users\/3"}],"replies":[{"embeddable":true,"href":"https:\/\/diariodominicano.com\/index.php?rest_route=%2Fwp%2Fv2%2Fcomments&post=92553"}],"version-history":[{"count":0,"href":"https:\/\/diariodominicano.com\/index.php?rest_route=\/wp\/v2\/posts\/92553\/revisions"}],"wp:attachment":[{"href":"https:\/\/diariodominicano.com\/index.php?rest_route=%2Fwp%2Fv2%2Fmedia&parent=92553"}],"wp:term":[{"taxonomy":"category","embeddable":true,"href":"https:\/\/diariodominicano.com\/index.php?rest_route=%2Fwp%2Fv2%2Fcategories&post=92553"},{"taxonomy":"post_tag","embeddable":true,"href":"https:\/\/diariodominicano.com\/index.php?rest_route=%2Fwp%2Fv2%2Ftags&post=92553"}],"curies":[{"name":"wp","href":"https:\/\/api.w.org\/{rel}","templated":true}]}}