{"id":92552,"date":"2008-07-25T17:19:07","date_gmt":"2008-07-25T17:19:07","guid":{"rendered":"http:\/\/diariodominicano.ddns.net\/?p=92552"},"modified":"2008-07-25T17:19:07","modified_gmt":"2008-07-25T17:19:07","slug":"ayuntamiento-de-bonao-reconoce-trayectoria-de-rubby-perez","status":"publish","type":"post","link":"https:\/\/diariodominicano.com\/?p=92552","title":{"rendered":"Ayuntamiento de Bonao reconoce trayectoria de Rubby P\u00e9rez"},"content":{"rendered":"<p><body><\/p>\n<p align=\"justify\"><span class=\"titulogrande1\"><strong>Ayuntamiento  de Bonao reconoce trayectoria de Rubby P\u00e9rez<\/strong>\u00a0<\/span><br \/>&#13;<br \/>\n  <br \/>&#13;<br \/>\n    <span class=\"text1noticias\"><strong><img loading=\"lazy\" decoding=\"async\" src=\"http:\/\/localhost:8080\/gente\/img\/rube perez.jpg\" width=\"375\" height=\"836\" hspace=\"4\" align=\"left\" \/>SANTO DOMINGO.- <\/strong>Por una resoluci\u00f3n de su sala  capitular, el Ayuntamiento Municipal de Bonao declar\u00f3 al merenguero Rubby P\u00e9rez  como \u201cVisitante distinguido\u201d en reconocimiento a su trayectoria musical de m\u00e1s  de veinte a\u00f1os y el hecho de significar un gran ejemplo para la clase art\u00edstica  dominicana.<br \/>&#13;<br \/>\n    <br \/>&#13;<br \/>\n    P\u00e9rez recibi\u00f3 la proclama de los ediles del  municipio durante su participaci\u00f3n en la celebraci\u00f3n del sexto aniversario del  programa de televisi\u00f3n y radio local \u201cEl s\u00faper can\u201d que conduce el comunicador  Julio Cesar P\u00e9rez y quien adem\u00e1s dedic\u00f3 el acto al popular merenguero.<br \/>&#13;<br \/>\n    <br \/>&#13;<br \/>\n    El programa tambi\u00e9n entreg\u00f3 una placa de  reconocimiento al cantante, quien aunque es oriundo de Haina mantiene una  estrecha relaci\u00f3n con Bonao porque all\u00ed siempre ha sido venerado por sus  admiradores.<br \/>&#13;<br \/>\n    <br \/>&#13;<br \/>\n\u201cMe siento sumamente emocionado por estos  reconocimientos que aqu\u00ed me hacen. Les aseguro que estar\u00e1n en un lugar especial  y jam\u00e1s lo olvidar\u00e9, gracias de todo coraz\u00f3n\u201d, dijo Rubby P\u00e9rez, quien al final  ofreci\u00f3 dos canciones a la audiencia conformada en su mayor\u00eda por las  autoridades de la provincia, empresarios locales as\u00ed como artistas y  comunicadores nacionales.<br \/>&#13;<br \/>\n<br \/>&#13;<br \/>\nUno de los temas que Rubby interpret\u00f3 fue  \u201cMal querida\u201d que suena con gran profusi\u00f3n en la radio nacional y extranjera.  El mismo fue recibido con aplausos de los asistentes.<br \/>&#13;<br \/>\n<br \/>&#13;<br \/>\nLa conducci\u00f3n del evento estuvo a cargo de  Michael Miguel Holgu\u00edn, conductor estelar del popular programa meridiano \u201cEl  poder de las 12\u201d,  de Digital 15.<br \/>&#13;<br \/>\n<br \/>&#13;<br \/>\nEn la actividad de homenaje a Rubby  estuvieron adem\u00e1s\u00a0 presentes Francisco Sanchis, F\u00e9lix Reyna, Frank Reyes,  Ram\u00f3n Pastrano, Gerardo D\u00edaz (El Toro), Mayurie, Idelsa N\u00fa\u00f1ez, Sexappeal y El  L\u00e1piz.<\/span><\/p>\n<p>&#13;<\/p>\n<div align=\"justify\" class=\"text1noticias\">Tambi\u00e9n Silvio Mora, Marcel, Giovanny Polanco, Nikauly de la Mota, Elvis Mart\u00ednez, Kiko  Rodr\u00edguez, Benny Sadel, Tulile,\u00a0 Yoryi Castillo, Vinil, Rubio Charlie,  Wellington, Juliana, Las caribe\u00f1as, La Condesa, Yelitza Lora y Jane Santos, entre  otros.\u00a0<br \/>&#13;\n<\/div>\n<p>&#13;<\/p>\n<h6> 2008-07-25 17:19:07 <\/h6>\n<p><!--\n<link rel=\"stylesheet\" href=\"css\/bootstrap.min.css\">\n\n\n<ul class=\"pagination\">\n\t    \n\t\n\n<li >\n\t<a href='?page_no=21173'>Previous<\/a>\n\t<\/li>\n\n\n       \n    \n\n<li><a href='?page_no=1'>1<\/a><\/li>\n\n\n\n<li><a href='?page_no=2'>2<\/a><\/li>\n\n\n\n<li><a>...<\/a><\/li>\n\n\n\n<li><a href='?page_no=21172'>21172<\/a><\/li>\n\n\n\n<li><a href='?page_no=21173'>21173<\/a><\/li>\n\n\n\n<li class='active'><a>21174<\/a><\/li>\n\n\n\n<li><a href='?page_no=21175'>21175<\/a><\/li>\n\n\n\n<li><a href='?page_no=21176'>21176<\/a><\/li>\n\n\n\n<li><a>...<\/a><\/li>\n\n\n\n<li><a href='?page_no=22522'>22522<\/a><\/li>\n\n\n\n<li><a href='?page_no=22523'>22523<\/a><\/li>\n\n    \n\t\n\n<li >\n\t<a href='?page_no=21175'>Next<\/a>\n\t<\/li>\n\n\n    \n\n<li><a href='?page_no=22523'>Last &rsaquo;&rsaquo;<\/a><\/li>\n\n<\/ul>\n\n\n--><br \/>\n<\/body><\/p>\n","protected":false},"excerpt":{"rendered":"<p>Ayuntamiento de Bonao reconoce trayectoria de Rubby P\u00e9rez\u00a0&#13; &#13; SANTO DOMINGO.- Por una resoluci\u00f3n de su sala capitular, el Ayuntamiento Municipal de Bonao declar\u00f3 al merenguero Rubby P\u00e9rez como \u201cVisitante distinguido\u201d en reconocimiento a su trayectoria musical de m\u00e1s de veinte a\u00f1os y el hecho de significar un gran ejemplo para la clase art\u00edstica dominicana.&#13; [&hellip;]<\/p>\n","protected":false},"author":3,"featured_media":0,"comment_status":"open","ping_status":"open","sticky":false,"template":"","format":"standard","meta":{"footnotes":""},"categories":[25],"tags":[],"class_list":["post-92552","post","type-post","status-publish","format-standard","hentry","category-gente"],"_links":{"self":[{"href":"https:\/\/diariodominicano.com\/index.php?rest_route=\/wp\/v2\/posts\/92552","targetHints":{"allow":["GET"]}}],"collection":[{"href":"https:\/\/diariodominicano.com\/index.php?rest_route=\/wp\/v2\/posts"}],"about":[{"href":"https:\/\/diariodominicano.com\/index.php?rest_route=\/wp\/v2\/types\/post"}],"author":[{"embeddable":true,"href":"https:\/\/diariodominicano.com\/index.php?rest_route=\/wp\/v2\/users\/3"}],"replies":[{"embeddable":true,"href":"https:\/\/diariodominicano.com\/index.php?rest_route=%2Fwp%2Fv2%2Fcomments&post=92552"}],"version-history":[{"count":0,"href":"https:\/\/diariodominicano.com\/index.php?rest_route=\/wp\/v2\/posts\/92552\/revisions"}],"wp:attachment":[{"href":"https:\/\/diariodominicano.com\/index.php?rest_route=%2Fwp%2Fv2%2Fmedia&parent=92552"}],"wp:term":[{"taxonomy":"category","embeddable":true,"href":"https:\/\/diariodominicano.com\/index.php?rest_route=%2Fwp%2Fv2%2Fcategories&post=92552"},{"taxonomy":"post_tag","embeddable":true,"href":"https:\/\/diariodominicano.com\/index.php?rest_route=%2Fwp%2Fv2%2Ftags&post=92552"}],"curies":[{"name":"wp","href":"https:\/\/api.w.org\/{rel}","templated":true}]}}