{"id":92547,"date":"2008-07-25T22:26:40","date_gmt":"2008-07-25T22:26:40","guid":{"rendered":"http:\/\/diariodominicano.ddns.net\/?p=92547"},"modified":"2008-07-25T22:26:40","modified_gmt":"2008-07-25T22:26:40","slug":"candidata-a-concurso-miss-turismo-2008-le-preocupan-los-temas-ambientales-la-inseguridad-y-la-violencia-intramiliar","status":"publish","type":"post","link":"https:\/\/diariodominicano.com\/?p=92547","title":{"rendered":"Candidata a concurso Miss Turismo 2008 le preocupan los temas ambientales, la inseguridad y la violencia intramiliar"},"content":{"rendered":"<p><body><\/p>\n<p><strong>P\u00e9rfil de una reina:<\/strong> <\/p>\n<p>&#13;<\/p>\n<p align=\"justify\"><span class=\"titulogrande1\">Candidata a concurso Miss Turismo 2008 le preocupan los temas ambientales,  la inseguridad y la violencia intramiliar<\/span><br \/>&#13;<br \/>\n  <br \/>&#13;<br \/>\n  <span class=\"text1noticias\"><strong><img loading=\"lazy\" decoding=\"async\" src=\"http:\/\/localhost:8080\/gente\/img\/reina perfil.jpg\" width=\"375\" height=\"1940\" hspace=\"4\" align=\"left\" \/>Rep Dom.-<\/strong> De ni\u00f1a,  Keiry Marielle Calder\u00f3n, candidata por el Distrito Nacional al concurso <strong>\u201cMiss Turismo Dominicana 2008\u201d<\/strong>, se  interes\u00f3 por problemas propios de adultos: el progresivo deterioro del medio  ambiente y los recursos naturales, las especies en peligro de extinci\u00f3n, la  calidad de vida de familias de escasos recursos econ\u00f3micos, la violencia en  todos sus g\u00e9neros, la ni\u00f1ez y el abandono de los envejecientes en asilos de  ancianos.<\/span><\/p>\n<p>&#13;<\/p>\n<p align=\"justify\" class=\"text1noticias\">Con 18  a\u00f1os, la esbelta y hermosa trigue\u00f1a que representa el Distrito Nacional en el  certamen tur\u00edstico, tiene una s\u00f3lida formaci\u00f3n religiosa, ense\u00f1anzas que aprendi\u00f3  en su hogar y fortaleci\u00f3 a trav\u00e9s de los a\u00f1os con sus abuelos paternos y  maternos. Estudi\u00f3 en el Colegio Santo Tom\u00e1s de Aquino (C0STA), ap\u00e9ndice de la  Pontificia Universidad Catolica Madre y Maestra (PUCMM), donde afianz\u00f3 sus  valores \u00e9ticos y morales como ser humano. <\/p>\n<p>&#13;<\/p>\n<p align=\"justify\" class=\"text1noticias\">La se\u00f1orita  Calder\u00f3n ha sido galardonada en su colegio con premios a la \u00a0\u201cExcelencia Acad\u00e9mica\u201d \u00a0y en el programa \u201cExcelencia Estudiantil\u201d que  auspicia el Banco de Reservas. Este premio es un est\u00edmulo a los buenos  estudiantes. La candidata es, adem\u00e1s, Secretaria Ejecutiva. Domina los idiomas  ingl\u00e9s y franc\u00e9s. <\/p>\n<p>&#13;<\/p>\n<p align=\"justify\" class=\"text1noticias\">\u201cCuando veo  ni\u00f1os y ancianos pidiendo limosna en las intersecciones de las calles y avenidas  de nuestra ciudad, cuando veo a personas minusv\u00e1lidas mendigando, arriesgando  sus vidas en medio del intenso tr\u00e1nsito, siento mucha tristeza, angustia y  desesperanza. Creo que nuestra sociedad debe cambiar y ofrecerle mejores  oportunidades de vida a las personas de escasos recursos\u201d, subray\u00f3 la  concursante.<\/p>\n<p>&#13;<\/p>\n<p align=\"justify\" class=\"text1noticias\">Igualmente,  a la jovencita le preocupan problemas sociales, tales como las informaciones  cotidianas de violencia en diarios de circulaci\u00f3n nacional y en medios electr\u00f3nicos.  \u201cComo ser humano no puedo evitar sentir terror, miedo, inseguridad cuando salgo  a las calles. Urge que las autoridades adopten medidas para evitar esta ola de  asaltos, atracos a mano armada, cr\u00edmenes, asesinatos, los hechos de violencia  en todo su g\u00e9nero, espec\u00edficamente la violencia intrafamiliar\u201d.<\/p>\n<p>&#13;<\/p>\n<p align=\"justify\" class=\"text1noticias\">De peque\u00f1a  aprendi\u00f3 las ense\u00f1anzas de su familia de cuidar el medio ambiente y los  recursos naturales. <br \/>&#13;<br \/>\n  <br \/>&#13;<br \/>\n\u201cRecuerdo que mis padres me educaron para no lanzar  desperdicios s\u00f3lidos a las cuencas de los r\u00edos, ni en las playas que  visit\u00e1bamos. Siempre me platicaban sobre la necesidadad de preservar esos  recursos naturales y les agradezco enormemente por haber inculcado tan valiosa  lecci\u00f3n en m\u00ed y en mis hermanitos\u201d.<\/p>\n<p>&#13;<\/p>\n<p align=\"justify\" class=\"text1noticias\">\u201cEs  lastimoso observar como nuestros bosques van desapareciendo con el paso de los  a\u00f1os, y m\u00e1s catastr\u00f3fico a\u00fan, nuestros r\u00edos languidecen, hasta que sus cauces  desaparecen, con la secuela de que la poqu\u00edsima agua potable que nos queda est\u00e1  contaminada. Si persiste la situaci\u00f3n, en pocos a\u00f1os esta naci\u00f3n se tornar\u00e1  inhabitable. La acci\u00f3n humana, en casi todos los pa\u00edses, est\u00e1 destruyendo el  planeta. Como candidata, como ser humano, como joven y como ente social, estos  son temas de permanente preocupaci\u00f3n en mi\u201d, puntualiz\u00f3 Keiry Calder\u00f3n.<\/p>\n<p>&#13;<\/p>\n<p align=\"justify\" class=\"text1noticias\">La  candidata del Distrito Nacional a <strong>\u201cMiss  Turismo Dominicana 2008\u201d<\/strong> mostr\u00f3 optimismo de que la situaci\u00f3n cambie para  mejorar, \u201cde tal manera que nuestra sociedad pueda ofrecerle garant\u00edas y m\u00e1s y  mejores oportunidades a todos sus habitantes, especialmente a los j\u00f3venes, que  en definitiva somos los que forjamos el futuro de esta hermosa y querida naci\u00f3n\u201d.<\/p>\n<p>&#13;<\/p>\n<p align=\"justify\" class=\"text1noticias\">Keiry  Marielle Calder\u00f3n es aficionada a los deportes. Prefiere el buceo y la pesca  deportiva, actividades que realiza con frecuencia junto a sus padres y hermanos  en las zonas tur\u00edsticas del pa\u00eds. Desde la primaria mostr\u00f3 habilidades para el volleiball.  Otra disciplina que ha cultivado es la danza moderna. De peque\u00f1a particip\u00f3 en programas de televisi\u00f3n infantil como  integrante del grupo \u201cEstrellitas\u201d, del Club los Prados.<\/p>\n<p>&#13;<\/p>\n<h6> 2008-07-25 22:26:40 <\/h6>\n<p><!--\n<link rel=\"stylesheet\" href=\"css\/bootstrap.min.css\">\n\n\n<ul class=\"pagination\">\n\t    \n\t\n\n<li >\n\t<a href='?page_no=21168'>Previous<\/a>\n\t<\/li>\n\n\n       \n    \n\n<li><a href='?page_no=1'>1<\/a><\/li>\n\n\n\n<li><a href='?page_no=2'>2<\/a><\/li>\n\n\n\n<li><a>...<\/a><\/li>\n\n\n\n<li><a href='?page_no=21167'>21167<\/a><\/li>\n\n\n\n<li><a href='?page_no=21168'>21168<\/a><\/li>\n\n\n\n<li class='active'><a>21169<\/a><\/li>\n\n\n\n<li><a href='?page_no=21170'>21170<\/a><\/li>\n\n\n\n<li><a href='?page_no=21171'>21171<\/a><\/li>\n\n\n\n<li><a>...<\/a><\/li>\n\n\n\n<li><a href='?page_no=22522'>22522<\/a><\/li>\n\n\n\n<li><a href='?page_no=22523'>22523<\/a><\/li>\n\n    \n\t\n\n<li >\n\t<a href='?page_no=21170'>Next<\/a>\n\t<\/li>\n\n\n    \n\n<li><a href='?page_no=22523'>Last &rsaquo;&rsaquo;<\/a><\/li>\n\n<\/ul>\n\n\n--><br \/>\n<\/body><\/p>\n","protected":false},"excerpt":{"rendered":"<p>P\u00e9rfil de una reina: &#13; Candidata a concurso Miss Turismo 2008 le preocupan los temas ambientales, la inseguridad y la violencia intramiliar&#13; &#13; Rep Dom.- De ni\u00f1a, Keiry Marielle Calder\u00f3n, candidata por el Distrito Nacional al concurso \u201cMiss Turismo Dominicana 2008\u201d, se interes\u00f3 por problemas propios de adultos: el progresivo deterioro del medio ambiente y [&hellip;]<\/p>\n","protected":false},"author":3,"featured_media":0,"comment_status":"open","ping_status":"open","sticky":false,"template":"","format":"standard","meta":{"footnotes":""},"categories":[25],"tags":[],"class_list":["post-92547","post","type-post","status-publish","format-standard","hentry","category-gente"],"_links":{"self":[{"href":"https:\/\/diariodominicano.com\/index.php?rest_route=\/wp\/v2\/posts\/92547","targetHints":{"allow":["GET"]}}],"collection":[{"href":"https:\/\/diariodominicano.com\/index.php?rest_route=\/wp\/v2\/posts"}],"about":[{"href":"https:\/\/diariodominicano.com\/index.php?rest_route=\/wp\/v2\/types\/post"}],"author":[{"embeddable":true,"href":"https:\/\/diariodominicano.com\/index.php?rest_route=\/wp\/v2\/users\/3"}],"replies":[{"embeddable":true,"href":"https:\/\/diariodominicano.com\/index.php?rest_route=%2Fwp%2Fv2%2Fcomments&post=92547"}],"version-history":[{"count":0,"href":"https:\/\/diariodominicano.com\/index.php?rest_route=\/wp\/v2\/posts\/92547\/revisions"}],"wp:attachment":[{"href":"https:\/\/diariodominicano.com\/index.php?rest_route=%2Fwp%2Fv2%2Fmedia&parent=92547"}],"wp:term":[{"taxonomy":"category","embeddable":true,"href":"https:\/\/diariodominicano.com\/index.php?rest_route=%2Fwp%2Fv2%2Fcategories&post=92547"},{"taxonomy":"post_tag","embeddable":true,"href":"https:\/\/diariodominicano.com\/index.php?rest_route=%2Fwp%2Fv2%2Ftags&post=92547"}],"curies":[{"name":"wp","href":"https:\/\/api.w.org\/{rel}","templated":true}]}}