{"id":92546,"date":"2008-07-29T17:25:26","date_gmt":"2008-07-29T17:25:26","guid":{"rendered":"http:\/\/diariodominicano.ddns.net\/?p=92546"},"modified":"2008-07-29T17:25:26","modified_gmt":"2008-07-29T17:25:26","slug":"la-oreja-de-van-gogh-lanza-en-eeuu-dile-al-sol","status":"publish","type":"post","link":"https:\/\/diariodominicano.com\/?p=92546","title":{"rendered":"\u201cLa Oreja de Van Gogh\u201d lanza en EEUU \u201cDile al Sol\u201d"},"content":{"rendered":"<p><body><\/p>\n<p class=\"titulogrande1\">\u201cLa Oreja de Van Gogh\u201d lanza en  EEUU \u201cDile al Sol\u201d<\/p>\n<p>&#13;<\/p>\n<p align=\"justify\" class=\"text1noticias\"><strong><img loading=\"lazy\" decoding=\"async\" src=\"http:\/\/localhost:8080\/gente\/img\/oreja van go.jpg\" width=\"375\" height=\"316\" hspace=\"4\" align=\"left\" \/>Miami, FL.-<\/strong> En el a\u00f1o 1998 la  agrupaci\u00f3n espa\u00f1ola La Oreja  de Van Gogh publicaba su disco \u201cDile al sol\u201d y marcaba un nuevo tiempo para el  pop de su pa\u00eds. Diez a\u00f1os despu\u00e9s, cierra un ciclo con la partida de su voz  l\u00edder Amaia Montero y publica un disco que resume esta d\u00e9cada de gloria.<br \/>&#13;<br \/>\n  \u00a0<br \/>&#13;<br \/>\n  M\u00e1s de seis millones de  discos vendidos los convierten en la banda con m\u00e1s \u00e9xito en el pop de Espa\u00f1a en  los \u00faltimos a\u00f1os. Sus temas, como \u201cCu\u00e9ntame al o\u00eddo\u201d, \u201cEl 28\u201d, \u201cCu\u00eddate\u201d, \u201cLa Playa\u201d y \u201cRosas\u201d, entre  muchos otros, se reeditan en un disco que sirve tambi\u00e9n para cerrar con broche  de oro diez a\u00f1os inolvidables. El lanzamiento discogr\u00e1fico, que est\u00e1 previsto  para el pr\u00f3ximo 29 de julio, se titula simplemente \u201cGrandes \u00c9xitos\u201d y ser\u00e1  presentado en formato de CD, DVD y un combo de ambos.<br \/>&#13;<br \/>\n  \u00a0<br \/>&#13;<br \/>\n  La   Oreja de Van Gogh debut\u00f3 con el disco \u201cDile al sol\u201d en 1998 y  en el 2000 reciben el nuevo milenio con \u201cEl viaje de Copperpot\u201d, logrando  asegurarse un lugar de preferencia no s\u00f3lo en su pa\u00eds, sino en Latinoam\u00e9rica y  Estados Unidos. Su tercer disco \u201cLo que te cont\u00e9 mientras te hac\u00edas la dormida\u201d  en el 2003, los catapulta como la banda l\u00edder del pop espa\u00f1ol. Su espectacular  gira mundial queda registrada con \u201cEn Directo: Lo que te cont\u00e9 mientras te  hac\u00edas la dormida\u201d, en el 2004, y suman m\u00e1s oro y platino a los m\u00faltiples  premios que fueron recogiendo en los m\u00e1s importantes escenarios de Am\u00e9rica y  Europa.<br \/>&#13;<br \/>\n  \u00a0<br \/>&#13;<br \/>\n  Para sus fan\u00e1ticos este es un disco obligado. Para los amantes del pop,  un pieza para su colecci\u00f3n. La   Oreja de Van Gogh regresa a las tiendas para seguir  cosechando la gloria de una d\u00e9cada de puros \u00e9xitos.<\/p>\n<p>&#13;<\/p>\n<h6> 2008-07-29 17:25:26 <\/h6>\n<p><!--\n<link rel=\"stylesheet\" href=\"css\/bootstrap.min.css\">\n\n\n<ul class=\"pagination\">\n\t    \n\t\n\n<li >\n\t<a href='?page_no=21167'>Previous<\/a>\n\t<\/li>\n\n\n       \n    \n\n<li><a href='?page_no=1'>1<\/a><\/li>\n\n\n\n<li><a href='?page_no=2'>2<\/a><\/li>\n\n\n\n<li><a>...<\/a><\/li>\n\n\n\n<li><a href='?page_no=21166'>21166<\/a><\/li>\n\n\n\n<li><a href='?page_no=21167'>21167<\/a><\/li>\n\n\n\n<li class='active'><a>21168<\/a><\/li>\n\n\n\n<li><a href='?page_no=21169'>21169<\/a><\/li>\n\n\n\n<li><a href='?page_no=21170'>21170<\/a><\/li>\n\n\n\n<li><a>...<\/a><\/li>\n\n\n\n<li><a href='?page_no=22522'>22522<\/a><\/li>\n\n\n\n<li><a href='?page_no=22523'>22523<\/a><\/li>\n\n    \n\t\n\n<li >\n\t<a href='?page_no=21169'>Next<\/a>\n\t<\/li>\n\n\n    \n\n<li><a href='?page_no=22523'>Last &rsaquo;&rsaquo;<\/a><\/li>\n\n<\/ul>\n\n\n--><br \/>\n<\/body><\/p>\n","protected":false},"excerpt":{"rendered":"<p>\u201cLa Oreja de Van Gogh\u201d lanza en EEUU \u201cDile al Sol\u201d &#13; Miami, FL.- En el a\u00f1o 1998 la agrupaci\u00f3n espa\u00f1ola La Oreja de Van Gogh publicaba su disco \u201cDile al sol\u201d y marcaba un nuevo tiempo para el pop de su pa\u00eds. Diez a\u00f1os despu\u00e9s, cierra un ciclo con la partida de su voz [&hellip;]<\/p>\n","protected":false},"author":3,"featured_media":0,"comment_status":"open","ping_status":"open","sticky":false,"template":"","format":"standard","meta":{"footnotes":""},"categories":[25],"tags":[],"class_list":["post-92546","post","type-post","status-publish","format-standard","hentry","category-gente"],"_links":{"self":[{"href":"https:\/\/diariodominicano.com\/index.php?rest_route=\/wp\/v2\/posts\/92546","targetHints":{"allow":["GET"]}}],"collection":[{"href":"https:\/\/diariodominicano.com\/index.php?rest_route=\/wp\/v2\/posts"}],"about":[{"href":"https:\/\/diariodominicano.com\/index.php?rest_route=\/wp\/v2\/types\/post"}],"author":[{"embeddable":true,"href":"https:\/\/diariodominicano.com\/index.php?rest_route=\/wp\/v2\/users\/3"}],"replies":[{"embeddable":true,"href":"https:\/\/diariodominicano.com\/index.php?rest_route=%2Fwp%2Fv2%2Fcomments&post=92546"}],"version-history":[{"count":0,"href":"https:\/\/diariodominicano.com\/index.php?rest_route=\/wp\/v2\/posts\/92546\/revisions"}],"wp:attachment":[{"href":"https:\/\/diariodominicano.com\/index.php?rest_route=%2Fwp%2Fv2%2Fmedia&parent=92546"}],"wp:term":[{"taxonomy":"category","embeddable":true,"href":"https:\/\/diariodominicano.com\/index.php?rest_route=%2Fwp%2Fv2%2Fcategories&post=92546"},{"taxonomy":"post_tag","embeddable":true,"href":"https:\/\/diariodominicano.com\/index.php?rest_route=%2Fwp%2Fv2%2Ftags&post=92546"}],"curies":[{"name":"wp","href":"https:\/\/api.w.org\/{rel}","templated":true}]}}