{"id":92543,"date":"2008-07-29T17:32:28","date_gmt":"2008-07-29T17:32:28","guid":{"rendered":"http:\/\/diariodominicano.ddns.net\/?p=92543"},"modified":"2008-07-29T17:32:28","modified_gmt":"2008-07-29T17:32:28","slug":"rey-ruiz-aboga-por-la-paz-en-colombia","status":"publish","type":"post","link":"https:\/\/diariodominicano.com\/?p=92543","title":{"rendered":"Rey Ruiz aboga por la paz en Colombia"},"content":{"rendered":"<p><body><\/p>\n<p align=\"justify\"><span class=\"titulogrande1\">Rey  Ruiz aboga por la paz en Colombia<\/span><br \/>&#13;<br \/>\n  <br \/>&#13;<br \/>\n  <span class=\"text1noticias\"><strong>Miami, FL,.-<\/strong> \u201cMe disculpo por  mi ausencia el pasado domingo en la gran fiesta colombiana en Atlanta.\u201d, dijo  Rey Ruiz en Miami luego de recibir cientos de correos electr\u00f3nicos en su p\u00e1gina  de sus seguidores del estado de Georgia. \u201cMi intenci\u00f3n fue participar no s\u00f3lo  con mi m\u00fasica, tambi\u00e9n al llamado de paz en Colombia, pero este inconveniente  fue ajeno a m\u00ed\u201d.<br \/>&#13;<br \/>\n  \u00a0<br \/>&#13;<br \/>\n  El pasado 20 de julio se  celebr\u00f3 el Festival de la   Independencia de Colombia en Atlanta con el deseo de unirse a  las marchas solidarias por la liberaci\u00f3n de los rehenes de las FARC que se  celebraron en varias capitales del mundo. El famoso salsero cubano era el  artista principal del concierto en el que tambi\u00e9n participaron Wilfrido Vargas  y Lizandro Meza, entre otros.<br \/>&#13;<br \/>\n  \u00a0<br \/>&#13;<br \/>\n  Robert Rivera, manager del  cantante, explic\u00f3 que hasta el d\u00eda del evento a\u00fan no se hab\u00edan cumplido en  tiempo y forma los t\u00e9rminos del contrato y por esa raz\u00f3n no pudo viajar para su  presentaci\u00f3n. Tambi\u00e9n se\u00f1al\u00f3 que los promotores no fueron los culpables de este  hecho ya que el acuerdo hab\u00eda sido firmado con una empresa de contrataciones  con base en la ciudad de Miami.<br \/>&#13;<br \/>\n  \u00a0<br \/>&#13;<br \/>\n\u201cEn esta carrera hay  situaciones que van m\u00e1s all\u00e1 de la intenci\u00f3n y la voluntad del artista, por eso  quiero llevar mi palabra a todos los colombianos, especialmente a los que  asistieron al festival de Atlanta\u201d, enfatiz\u00f3 Rey Ruiz.<br \/>&#13;<br \/>\n  \u00a0<br \/>&#13;<br \/>\n  La oficina de Rey Ruiz acord\u00f3  con los promotores ir a Atlanta a realizar un evento donde el int\u00e9rprete de  \u201cCoraz\u00f3n Arrepentido\u201d pueda compartir con su fanaticada de esta ciudad.<br \/>&#13;<br \/>\n  \u00a0<br \/>&#13;<br \/>\nEl popular salsero contin\u00faa  d\u00e1ndole los toques finales al DVD grabado en vivo titulado \u201cRey y sus Amigos\u201d,  mientras trabaja en un nuevo disco de pr\u00f3ximo lanzamiento.<\/span><\/p>\n<p>&#13;<\/p>\n<h6> 2008-07-29 17:32:28 <\/h6>\n<p><!--\n<link rel=\"stylesheet\" href=\"css\/bootstrap.min.css\">\n\n\n<ul class=\"pagination\">\n\t    \n\t\n\n<li >\n\t<a href='?page_no=21164'>Previous<\/a>\n\t<\/li>\n\n\n       \n    \n\n<li><a href='?page_no=1'>1<\/a><\/li>\n\n\n\n<li><a href='?page_no=2'>2<\/a><\/li>\n\n\n\n<li><a>...<\/a><\/li>\n\n\n\n<li><a href='?page_no=21163'>21163<\/a><\/li>\n\n\n\n<li><a href='?page_no=21164'>21164<\/a><\/li>\n\n\n\n<li class='active'><a>21165<\/a><\/li>\n\n\n\n<li><a href='?page_no=21166'>21166<\/a><\/li>\n\n\n\n<li><a href='?page_no=21167'>21167<\/a><\/li>\n\n\n\n<li><a>...<\/a><\/li>\n\n\n\n<li><a href='?page_no=22522'>22522<\/a><\/li>\n\n\n\n<li><a href='?page_no=22523'>22523<\/a><\/li>\n\n    \n\t\n\n<li >\n\t<a href='?page_no=21166'>Next<\/a>\n\t<\/li>\n\n\n    \n\n<li><a href='?page_no=22523'>Last &rsaquo;&rsaquo;<\/a><\/li>\n\n<\/ul>\n\n\n--><br \/>\n<\/body><\/p>\n","protected":false},"excerpt":{"rendered":"<p>Rey Ruiz aboga por la paz en Colombia&#13; &#13; Miami, FL,.- \u201cMe disculpo por mi ausencia el pasado domingo en la gran fiesta colombiana en Atlanta.\u201d, dijo Rey Ruiz en Miami luego de recibir cientos de correos electr\u00f3nicos en su p\u00e1gina de sus seguidores del estado de Georgia. \u201cMi intenci\u00f3n fue participar no s\u00f3lo con [&hellip;]<\/p>\n","protected":false},"author":3,"featured_media":0,"comment_status":"open","ping_status":"open","sticky":false,"template":"","format":"standard","meta":{"footnotes":""},"categories":[25],"tags":[],"class_list":["post-92543","post","type-post","status-publish","format-standard","hentry","category-gente"],"_links":{"self":[{"href":"https:\/\/diariodominicano.com\/index.php?rest_route=\/wp\/v2\/posts\/92543","targetHints":{"allow":["GET"]}}],"collection":[{"href":"https:\/\/diariodominicano.com\/index.php?rest_route=\/wp\/v2\/posts"}],"about":[{"href":"https:\/\/diariodominicano.com\/index.php?rest_route=\/wp\/v2\/types\/post"}],"author":[{"embeddable":true,"href":"https:\/\/diariodominicano.com\/index.php?rest_route=\/wp\/v2\/users\/3"}],"replies":[{"embeddable":true,"href":"https:\/\/diariodominicano.com\/index.php?rest_route=%2Fwp%2Fv2%2Fcomments&post=92543"}],"version-history":[{"count":0,"href":"https:\/\/diariodominicano.com\/index.php?rest_route=\/wp\/v2\/posts\/92543\/revisions"}],"wp:attachment":[{"href":"https:\/\/diariodominicano.com\/index.php?rest_route=%2Fwp%2Fv2%2Fmedia&parent=92543"}],"wp:term":[{"taxonomy":"category","embeddable":true,"href":"https:\/\/diariodominicano.com\/index.php?rest_route=%2Fwp%2Fv2%2Fcategories&post=92543"},{"taxonomy":"post_tag","embeddable":true,"href":"https:\/\/diariodominicano.com\/index.php?rest_route=%2Fwp%2Fv2%2Ftags&post=92543"}],"curies":[{"name":"wp","href":"https:\/\/api.w.org\/{rel}","templated":true}]}}