{"id":92542,"date":"2008-07-29T19:42:54","date_gmt":"2008-07-29T19:42:54","guid":{"rendered":"http:\/\/diariodominicano.ddns.net\/?p=92542"},"modified":"2008-07-29T19:42:54","modified_gmt":"2008-07-29T19:42:54","slug":"franco-de-vita-estrena-su-nuevo-sencillo","status":"publish","type":"post","link":"https:\/\/diariodominicano.com\/?p=92542","title":{"rendered":"Franco De Vita estrena su nuevo sencillo"},"content":{"rendered":"<p><body><\/p>\n<p class=\"titulogrande1\">Franco De Vita estrena su  nuevo sencillo<\/p>\n<p>&#13;<\/p>\n<p align=\"justify\" class=\"text1noticias\"><strong>Miami, FL.-<\/strong> Este no es un a\u00f1o m\u00e1s para la carrera de Franco De Vita. El talentoso  cantautor venezolano cumple 25 a\u00f1os en la m\u00fasica. Y tampoco su nuevo disco ser\u00e1  uno m\u00e1s. \u201cSimplemente la verdad\u201d es uno de los \u00e1lbumes m\u00e1s significativos de su  carrera.<br \/>&#13;<br \/>\n  \u00a0<br \/>&#13;<br \/>\n  Sus fan\u00e1ticos aguardan el 23  de septiembre para ser los primeros en tener el nuevo trabajo musical de su  \u00eddolo. <br \/>&#13;<br \/>\n  <br \/>&#13;<br \/>\n  Pero el anticipo no se har\u00e1 esperar ya que desde hoy las radios  estrenar\u00e1n su primer sencillo, \u201cMi sue\u00f1o\u201d.<br \/>&#13;<br \/>\n  \u00a0<br \/>&#13;<br \/>\n\u201cY t\u00fa la vida \/ en cada beso  t\u00fa me das la vida \/ y t\u00fa mi fuerza \/ para entender un poco m\u00e1s el mundo donde  vivo \/ un tiempo para sentirme seguro \/ un tiempo donde pueda so\u00f1ar\u201d, dice la  canci\u00f3n que cierra con una frase que refleja su m\u00e1s puro estilo sincero y  sencillo: \u201cTal vez sea yo el hombre m\u00e1s feliz de este planeta\u201d.<br \/>&#13;<br \/>\n  \u00a0<br \/>&#13;<br \/>\n  Luego de \u201cMil y una historias  en vivo\u201d (2006), Franco De Vita regres\u00f3 al estudio este a\u00f1o para extender su  legado musical. Los sonidos fueron registrados en estudios de Espa\u00f1a, Argentina  y Miami, pero el mensaje del disco lleva el registro de los momentos vividos  con su p\u00fablico alrededor del mundo. Este es el primer \u00e1lbum de estudio en  cuatro a\u00f1os.<br \/>&#13;<br \/>\n  \u00a0<br \/>&#13;<br \/>\nEl sencillo \u201cMi Sue\u00f1o\u201d ya  est\u00e1 disponible en iTunes y en formato de ringtone. \u201cSimplemente la verdad\u201d es  otro lanzamiento de Sony BMG Latin.<\/p>\n<p>&#13;<\/p>\n<h6> 2008-07-29 19:42:54 <\/h6>\n<p><!--\n<link rel=\"stylesheet\" href=\"css\/bootstrap.min.css\">\n\n\n<ul class=\"pagination\">\n\t    \n\t\n\n<li >\n\t<a href='?page_no=21163'>Previous<\/a>\n\t<\/li>\n\n\n       \n    \n\n<li><a href='?page_no=1'>1<\/a><\/li>\n\n\n\n<li><a href='?page_no=2'>2<\/a><\/li>\n\n\n\n<li><a>...<\/a><\/li>\n\n\n\n<li><a href='?page_no=21162'>21162<\/a><\/li>\n\n\n\n<li><a href='?page_no=21163'>21163<\/a><\/li>\n\n\n\n<li class='active'><a>21164<\/a><\/li>\n\n\n\n<li><a href='?page_no=21165'>21165<\/a><\/li>\n\n\n\n<li><a href='?page_no=21166'>21166<\/a><\/li>\n\n\n\n<li><a>...<\/a><\/li>\n\n\n\n<li><a href='?page_no=22522'>22522<\/a><\/li>\n\n\n\n<li><a href='?page_no=22523'>22523<\/a><\/li>\n\n    \n\t\n\n<li >\n\t<a href='?page_no=21165'>Next<\/a>\n\t<\/li>\n\n\n    \n\n<li><a href='?page_no=22523'>Last &rsaquo;&rsaquo;<\/a><\/li>\n\n<\/ul>\n\n\n--><br \/>\n<\/body><\/p>\n","protected":false},"excerpt":{"rendered":"<p>Franco De Vita estrena su nuevo sencillo &#13; Miami, FL.- Este no es un a\u00f1o m\u00e1s para la carrera de Franco De Vita. El talentoso cantautor venezolano cumple 25 a\u00f1os en la m\u00fasica. Y tampoco su nuevo disco ser\u00e1 uno m\u00e1s. \u201cSimplemente la verdad\u201d es uno de los \u00e1lbumes m\u00e1s significativos de su carrera.&#13; \u00a0&#13; [&hellip;]<\/p>\n","protected":false},"author":3,"featured_media":0,"comment_status":"open","ping_status":"open","sticky":false,"template":"","format":"standard","meta":{"footnotes":""},"categories":[25],"tags":[],"class_list":["post-92542","post","type-post","status-publish","format-standard","hentry","category-gente"],"_links":{"self":[{"href":"https:\/\/diariodominicano.com\/index.php?rest_route=\/wp\/v2\/posts\/92542","targetHints":{"allow":["GET"]}}],"collection":[{"href":"https:\/\/diariodominicano.com\/index.php?rest_route=\/wp\/v2\/posts"}],"about":[{"href":"https:\/\/diariodominicano.com\/index.php?rest_route=\/wp\/v2\/types\/post"}],"author":[{"embeddable":true,"href":"https:\/\/diariodominicano.com\/index.php?rest_route=\/wp\/v2\/users\/3"}],"replies":[{"embeddable":true,"href":"https:\/\/diariodominicano.com\/index.php?rest_route=%2Fwp%2Fv2%2Fcomments&post=92542"}],"version-history":[{"count":0,"href":"https:\/\/diariodominicano.com\/index.php?rest_route=\/wp\/v2\/posts\/92542\/revisions"}],"wp:attachment":[{"href":"https:\/\/diariodominicano.com\/index.php?rest_route=%2Fwp%2Fv2%2Fmedia&parent=92542"}],"wp:term":[{"taxonomy":"category","embeddable":true,"href":"https:\/\/diariodominicano.com\/index.php?rest_route=%2Fwp%2Fv2%2Fcategories&post=92542"},{"taxonomy":"post_tag","embeddable":true,"href":"https:\/\/diariodominicano.com\/index.php?rest_route=%2Fwp%2Fv2%2Ftags&post=92542"}],"curies":[{"name":"wp","href":"https:\/\/api.w.org\/{rel}","templated":true}]}}