{"id":92538,"date":"2008-07-29T22:29:18","date_gmt":"2008-07-29T22:29:18","guid":{"rendered":"http:\/\/diariodominicano.ddns.net\/?p=92538"},"modified":"2008-07-29T22:29:18","modified_gmt":"2008-07-29T22:29:18","slug":"ahora-ha-llegado-la-hora-de-feliz-vinicio-lora-viene-de-una-hora","status":"publish","type":"post","link":"https:\/\/diariodominicano.com\/?p=92538","title":{"rendered":"Ahora, \u00abHa llegado la hora\u00bb de Feliz Vinicio Lora viene de una hora"},"content":{"rendered":"<p><body><\/p>\n<p align=\"center\" class=\"titulogrande1\"><strong>Ahora, \u00abHa llegado la  hora\u00bb de Feliz Vinicio Lora viene de una hora<\/strong><\/p>\n<p>&#13;<\/p>\n<p align=\"justify\" class=\"text1noticias\"><strong><img loading=\"lazy\" decoding=\"async\" src=\"http:\/\/localhost:8080\/gente\/img\/vinicio lora.jpg\" width=\"375\" height=\"438\" hspace=\"4\" align=\"left\" \/>Santo Domingo.-<\/strong> Mantener en el aire un programa de televisi\u00f3n en estos  tiempos no es tarea f\u00e1cil. Sobre todo si existe una preocupaci\u00f3n por satisfacer  el apetito de informaciones de una teleaudiencia cada vez m\u00e1s exigente.<\/p>\n<p>&#13;<\/p>\n<p align=\"justify\" class=\"text1noticias\">Conforme transcurre el tiempo estos espacios tienen  que irse renovando en forma y contenido, y es por el ello que el periodista  Feliz Vinicio Lora anuncia que su programa \u00abHa llegado la hora\u00bb ser\u00e1  reinventado en los pr\u00f3ximos d\u00edas.<\/p>\n<p>&#13;<\/p>\n<p align=\"justify\" class=\"text1noticias\">En vez de media hora, \u00abHa llegado la hora\u00bb  pasar\u00e1 a ser un programa de una hora producci\u00f3n, y continuar\u00e1 transmiti\u00e9ndose  en su horario habitual de las 2:00 de la tarde, de lunes a viernes, por  Telecentro, canal 13.<\/p>\n<p>&#13;<\/p>\n<p align=\"justify\" class=\"text1noticias\">Estos cambios son con motivo del cuarto aniversario  que celebra el espacio de variedad informativa, que tambi\u00e9n se difunde en vivo  para los Estados Unidos, a trav\u00e9s de Dominican View, el nuevo canal de la  dominicanidad, dirigido por \u00c1ngel Puello.<\/p>\n<p>&#13;<\/p>\n<p align=\"justify\" class=\"text1noticias\">Feliz Vinicio Lora, ex presidente de Acroarte, revela  que adem\u00e1s de la extensi\u00f3n de horario, el espacio estrenar\u00e1 una nueva  escenograf\u00eda la cual est\u00e1 siendo dise\u00f1ada y construida por \u00c1ngel Dotel, quien  realiz\u00f3 la moderna escenograf\u00eda de los pasados premios Casandra.<\/p>\n<p>&#13;<\/p>\n<p align=\"justify\" class=\"text1noticias\">\u00abEl equipo t\u00e9cnico de Telecentro est\u00e1 trabajando  de igual manera en una nueva l\u00ednea gr\u00e1fica\u00bb, expres\u00f3 Lora quien mostr\u00f3  satisfacci\u00f3n por el programa haber llegado a cuatro a\u00f1os de transmisi\u00f3n  continua.<\/p>\n<p>&#13;<\/p>\n<p align=\"justify\" class=\"text1noticias\">A Nelson Guill\u00e9n, administrado general del canal,  agradeci\u00f3 el apoyo brindado.<\/p>\n<p>&#13;<\/p>\n<p align=\"justify\" class=\"text1noticias\">En su nueva etapa \u00abHa llegado la hora\u00bb,  producido por Osvaldo Acevedo (El Ministro), incluir\u00e1 reportes y entrevistas  desde Nueva York, Boston, Miami y la ciudad de Santiago.<\/p>\n<p>&#13;<\/p>\n<p align=\"justify\" class=\"text1noticias\">En la actualidad Lora es comentarista en el matutino  \u00abDiario de la Ma\u00f1ana\u00bb,  editor del peri\u00f3dico Diario@Diario y es corresponsal del peri\u00f3dico \u00abEl Sol  de la Florida\u00bb.<\/p>\n<p>&#13;<\/p>\n<h6> 2008-07-29 22:29:18 <\/h6>\n<p><!--\n<link rel=\"stylesheet\" href=\"css\/bootstrap.min.css\">\n\n\n<ul class=\"pagination\">\n\t    \n\t\n\n<li >\n\t<a href='?page_no=21159'>Previous<\/a>\n\t<\/li>\n\n\n       \n    \n\n<li><a href='?page_no=1'>1<\/a><\/li>\n\n\n\n<li><a href='?page_no=2'>2<\/a><\/li>\n\n\n\n<li><a>...<\/a><\/li>\n\n\n\n<li><a href='?page_no=21158'>21158<\/a><\/li>\n\n\n\n<li><a href='?page_no=21159'>21159<\/a><\/li>\n\n\n\n<li class='active'><a>21160<\/a><\/li>\n\n\n\n<li><a href='?page_no=21161'>21161<\/a><\/li>\n\n\n\n<li><a href='?page_no=21162'>21162<\/a><\/li>\n\n\n\n<li><a>...<\/a><\/li>\n\n\n\n<li><a href='?page_no=22522'>22522<\/a><\/li>\n\n\n\n<li><a href='?page_no=22523'>22523<\/a><\/li>\n\n    \n\t\n\n<li >\n\t<a href='?page_no=21161'>Next<\/a>\n\t<\/li>\n\n\n    \n\n<li><a href='?page_no=22523'>Last &rsaquo;&rsaquo;<\/a><\/li>\n\n<\/ul>\n\n\n--><br \/>\n<\/body><\/p>\n","protected":false},"excerpt":{"rendered":"<p>Ahora, \u00abHa llegado la hora\u00bb de Feliz Vinicio Lora viene de una hora &#13; Santo Domingo.- Mantener en el aire un programa de televisi\u00f3n en estos tiempos no es tarea f\u00e1cil. Sobre todo si existe una preocupaci\u00f3n por satisfacer el apetito de informaciones de una teleaudiencia cada vez m\u00e1s exigente. &#13; Conforme transcurre el tiempo [&hellip;]<\/p>\n","protected":false},"author":3,"featured_media":0,"comment_status":"open","ping_status":"open","sticky":false,"template":"","format":"standard","meta":{"footnotes":""},"categories":[25],"tags":[],"class_list":["post-92538","post","type-post","status-publish","format-standard","hentry","category-gente"],"_links":{"self":[{"href":"https:\/\/diariodominicano.com\/index.php?rest_route=\/wp\/v2\/posts\/92538","targetHints":{"allow":["GET"]}}],"collection":[{"href":"https:\/\/diariodominicano.com\/index.php?rest_route=\/wp\/v2\/posts"}],"about":[{"href":"https:\/\/diariodominicano.com\/index.php?rest_route=\/wp\/v2\/types\/post"}],"author":[{"embeddable":true,"href":"https:\/\/diariodominicano.com\/index.php?rest_route=\/wp\/v2\/users\/3"}],"replies":[{"embeddable":true,"href":"https:\/\/diariodominicano.com\/index.php?rest_route=%2Fwp%2Fv2%2Fcomments&post=92538"}],"version-history":[{"count":0,"href":"https:\/\/diariodominicano.com\/index.php?rest_route=\/wp\/v2\/posts\/92538\/revisions"}],"wp:attachment":[{"href":"https:\/\/diariodominicano.com\/index.php?rest_route=%2Fwp%2Fv2%2Fmedia&parent=92538"}],"wp:term":[{"taxonomy":"category","embeddable":true,"href":"https:\/\/diariodominicano.com\/index.php?rest_route=%2Fwp%2Fv2%2Fcategories&post=92538"},{"taxonomy":"post_tag","embeddable":true,"href":"https:\/\/diariodominicano.com\/index.php?rest_route=%2Fwp%2Fv2%2Ftags&post=92538"}],"curies":[{"name":"wp","href":"https:\/\/api.w.org\/{rel}","templated":true}]}}