{"id":92536,"date":"2008-07-30T00:14:39","date_gmt":"2008-07-30T00:14:39","guid":{"rendered":"http:\/\/diariodominicano.ddns.net\/?p=92536"},"modified":"2008-07-30T00:14:39","modified_gmt":"2008-07-30T00:14:39","slug":"guayaquil-celebro-su-aniversario-con-un-concierto-historico","status":"publish","type":"post","link":"https:\/\/diariodominicano.com\/?p=92536","title":{"rendered":"Guayaquil celebr\u00f3 su Aniversario con un Concierto Hist\u00f3rico"},"content":{"rendered":"<p><body><\/p>\n<p align=\"justify\"><span class=\"titulogrande1\">Guayaquil celebr\u00f3 su Aniversario con un Concierto Hist\u00f3rico<\/span><br \/>&#13;<br \/>\n  <br \/>&#13;<br \/>\n    <strong>Se realiz\u00f3  el pasado viernes 25 de julio con la presencia de Kinito M\u00e9ndez, Luis Enrique, Ra\u00fal del Sol, Mirella Cesa y Daniel Betancourth<\/strong><br \/>&#13;<br \/>\n    <br \/>&#13;<br \/>\n  <strong>M\u00e1s de 30  personas presenciaron el espect\u00e1culo entre los que se encontraba el presidente de Ecuador, Rafael Correa<\/strong><br \/>&#13;<br \/>\n  <br \/>&#13;<br \/>\n  <strong>La ciudad  es la m\u00e1s grande del pa\u00eds y con un marcado crecimiento comercial<\/strong><br \/>&#13;<br \/>\n  <br \/>&#13;<br \/>\n  <span class=\"text1noticias\"><strong><img loading=\"lazy\" decoding=\"async\" src=\"http:\/\/localhost:8080\/gente\/img\/guayaqui aniversario.jpg\" width=\"375\" height=\"279\" hspace=\"4\" align=\"left\" \/>Miami, FL.- <\/strong>La ciudad de Guayaquil hizo  historia el pasado fin de semana con un multitudinario concierto que reuni\u00f3  estrellas de diversos puntos del continente para celebrar los 473 a\u00f1os de la  fundaci\u00f3n de la ciudad m\u00e1s grande del pa\u00eds.<br \/>&#13;<br \/>\n  <br \/>&#13;<br \/>\n  El viernes 25 de julio, m\u00e1s de 30 mil personas colmaron las  calles\u00a0de la ciudad en la zona de G\u00f3mez Rend\u00f3n y Avenida Machala, en las  afueras del Instituto T\u00e9cnico Superior \u201cGuayaquil\u00bb. Organizado por la  Gobernaci\u00f3n de la provincia del Guayas, encabezada por la figura de su  gobernador, el economista <strong>Leonardo  Vicu\u00f1a Izquierdo<\/strong>, el evento puso a la ciudad\u00a0en el mapa de las grandes  capitales de Latinoam\u00e9rica.<br \/>&#13;<br \/>\n  <br \/>&#13;<br \/>\n  Pasadas las ocho de la noche, las estrellas comenzaron a  desfilar ante el p\u00fablico que desde muy temprano se hab\u00eda congregado entre los  que se encontraba el presidente ecuatoriano <strong>Rafael Correa<\/strong>.<br \/>&#13;<br \/>\n  <br \/>&#13;<br \/>\n  El popular presentador de televisi\u00f3n, <strong>Roberto Angelelli,<\/strong> fue el encargado de dar la bienvenida a los  guayaquile\u00f1os y presentar a los dos artistas locales <strong>Mirella Cesa<\/strong> y <strong>Daniel  Betancourth<\/strong>, quienes ya han logrado un fuerte impacto entre los  ecuatorianos y est\u00e1n a punto de lanzar sus carreras internacionales.<br \/>&#13;<br \/>\n  <br \/>&#13;<br \/>\n  Ya al filo de la medianoche comenz\u00f3 la presentaci\u00f3n del  cantautor cubano <strong>Ra\u00fal del Sol<\/strong>,  interpretando las canciones de su disco \u201cCaminar So\u00f1ando\u00bb y luego lleg\u00f3 <strong>Luis Enrique<\/strong>, que puso a bailar y  cantar al p\u00fablico con las canciones que lo han hecho famoso como \u201cAs\u00ed es la  vida\u00bb, \u201cMi mundo\u00bb y \u201cLo que pas\u00f3 entre t\u00fa y yo\u00bb, entre otras.<br \/>&#13;<br \/>\n  <br \/>&#13;<br \/>\n  El concierto finalmente se extendi\u00f3 hasta las tres de la  madrugada y las razones eran claras: <strong>Kinito  M\u00e9ndez<\/strong>, quien cerraba el espect\u00e1culo, no dej\u00f3 a nadie sin moverse al ritmo  de su consagrado \u201cSu\u00e1, su\u00e1, su\u00e1\u00bb.<br \/>&#13;<br \/>\n  <br \/>&#13;<br \/>\nAs\u00ed, Guayaquil celebr\u00f3 con esta gran gala musical su cuenta  regresiva a los cinco siglos de historia, cultura y crecimiento,  consagrada\u00a0como una de las ciudades m\u00e1s importantes del comercio  ecuatoriano.<\/span><\/p>\n<p>&#13;<\/p>\n<h6> 2008-07-30 00:14:39 <\/h6>\n<p><!--\n<link rel=\"stylesheet\" href=\"css\/bootstrap.min.css\">\n\n\n<ul class=\"pagination\">\n\t    \n\t\n\n<li >\n\t<a href='?page_no=21157'>Previous<\/a>\n\t<\/li>\n\n\n       \n    \n\n<li><a href='?page_no=1'>1<\/a><\/li>\n\n\n\n<li><a href='?page_no=2'>2<\/a><\/li>\n\n\n\n<li><a>...<\/a><\/li>\n\n\n\n<li><a href='?page_no=21156'>21156<\/a><\/li>\n\n\n\n<li><a href='?page_no=21157'>21157<\/a><\/li>\n\n\n\n<li class='active'><a>21158<\/a><\/li>\n\n\n\n<li><a href='?page_no=21159'>21159<\/a><\/li>\n\n\n\n<li><a href='?page_no=21160'>21160<\/a><\/li>\n\n\n\n<li><a>...<\/a><\/li>\n\n\n\n<li><a href='?page_no=22522'>22522<\/a><\/li>\n\n\n\n<li><a href='?page_no=22523'>22523<\/a><\/li>\n\n    \n\t\n\n<li >\n\t<a href='?page_no=21159'>Next<\/a>\n\t<\/li>\n\n\n    \n\n<li><a href='?page_no=22523'>Last &rsaquo;&rsaquo;<\/a><\/li>\n\n<\/ul>\n\n\n--><br \/>\n<\/body><\/p>\n","protected":false},"excerpt":{"rendered":"<p>Guayaquil celebr\u00f3 su Aniversario con un Concierto Hist\u00f3rico&#13; &#13; Se realiz\u00f3 el pasado viernes 25 de julio con la presencia de Kinito M\u00e9ndez, Luis Enrique, Ra\u00fal del Sol, Mirella Cesa y Daniel Betancourth&#13; &#13; M\u00e1s de 30 personas presenciaron el espect\u00e1culo entre los que se encontraba el presidente de Ecuador, Rafael Correa&#13; &#13; La ciudad [&hellip;]<\/p>\n","protected":false},"author":3,"featured_media":0,"comment_status":"open","ping_status":"open","sticky":false,"template":"","format":"standard","meta":{"footnotes":""},"categories":[25],"tags":[],"class_list":["post-92536","post","type-post","status-publish","format-standard","hentry","category-gente"],"_links":{"self":[{"href":"https:\/\/diariodominicano.com\/index.php?rest_route=\/wp\/v2\/posts\/92536","targetHints":{"allow":["GET"]}}],"collection":[{"href":"https:\/\/diariodominicano.com\/index.php?rest_route=\/wp\/v2\/posts"}],"about":[{"href":"https:\/\/diariodominicano.com\/index.php?rest_route=\/wp\/v2\/types\/post"}],"author":[{"embeddable":true,"href":"https:\/\/diariodominicano.com\/index.php?rest_route=\/wp\/v2\/users\/3"}],"replies":[{"embeddable":true,"href":"https:\/\/diariodominicano.com\/index.php?rest_route=%2Fwp%2Fv2%2Fcomments&post=92536"}],"version-history":[{"count":0,"href":"https:\/\/diariodominicano.com\/index.php?rest_route=\/wp\/v2\/posts\/92536\/revisions"}],"wp:attachment":[{"href":"https:\/\/diariodominicano.com\/index.php?rest_route=%2Fwp%2Fv2%2Fmedia&parent=92536"}],"wp:term":[{"taxonomy":"category","embeddable":true,"href":"https:\/\/diariodominicano.com\/index.php?rest_route=%2Fwp%2Fv2%2Fcategories&post=92536"},{"taxonomy":"post_tag","embeddable":true,"href":"https:\/\/diariodominicano.com\/index.php?rest_route=%2Fwp%2Fv2%2Ftags&post=92536"}],"curies":[{"name":"wp","href":"https:\/\/api.w.org\/{rel}","templated":true}]}}