{"id":92535,"date":"2008-07-30T17:50:41","date_gmt":"2008-07-30T17:50:41","guid":{"rendered":"http:\/\/diariodominicano.ddns.net\/?p=92535"},"modified":"2008-07-30T17:50:41","modified_gmt":"2008-07-30T17:50:41","slug":"la-policia-brasilena-confirma-la-muerte-del-sacerdote-volador","status":"publish","type":"post","link":"https:\/\/diariodominicano.com\/?p=92535","title":{"rendered":"La polic\u00eda brasile\u00f1a confirma la muerte del &#8216;sacerdote volador&#8217;"},"content":{"rendered":"<p><body><\/p>\n<p align=\"justify\"><strong class=\"titulogrande1\">La polic\u00eda brasile\u00f1a confirma la muerte del &#8216;sacerdote volador&#8217;<\/strong><br \/>&#13;<br \/>\n  <br \/>&#13;<br \/>\n    <span class=\"text1noticias\">El p\u00e1rroco Adelir de Carli desapareci\u00f3 el pasado 20 de abril, despu\u00e9s de  emprender el vuelo con la ayuda de un millar de globos.- Sus restos han  aparecido en alta mar <br \/>&#13;<br \/>\n    <br \/>&#13;<br \/>\n    <strong>EFE<\/strong> &#8211; R\u00edo de Janeiro &#8211; 30\/07\/2008 <\/span><\/p>\n<p>&#13;<\/p>\n<p align=\"justify\" class=\"text1noticias\"><img loading=\"lazy\" decoding=\"async\" src=\"http:\/\/localhost:8080\/gente\/img\/cura brasil.jpg\" width=\"375\" height=\"276\" hspace=\"4\" align=\"left\" \/>Un examen de ADN ha confirmado que  los restos de un cad\u00e1ver encontrado en alta mar corresponden al sacerdote  brasile\u00f1o que desapareci\u00f3 el pasado abril, tras emprender el vuelo con mil  globos.<br \/>&#13;<br \/>\n  <br \/>&#13;<br \/>\n  Los restos, descubiertos por una  embarcaci\u00f3n de la compa\u00f1\u00eda petrolera estatal brasile\u00f1a Petrobras el pasado 4 de  julio frente a la costa de Maca\u00e9 (R\u00edo de Janeiro), coinciden con los del  p\u00e1rroco Adelir de Carli, seg\u00fan ha confirmado hoy el comisario de polic\u00eda de la  localidad, Daniel Bandeira.<br \/>&#13;<br \/>\n  <br \/>&#13;<br \/>\n  De Carli desapareci\u00f3 el pasado 20 de  abril, despu\u00e9s de emprender el vuelo con la ayuda de un millar de globos  hinchados con helio. El prelado parti\u00f3 desde la ciudad de Paranagu\u00e1, en el  sure\u00f1o estado de Paran\u00e1, y pretend\u00eda dirigirse, sin la ayuda de motor, hasta  cerca de la frontera con Paraguay, al interior del estado, para dar visibilidad  a una protesta de unos camioneros locales. El viento y la lluvia que  predominaban aquel d\u00eda desviaron al religioso de su ruta y le condujeron mar  adentro.<br \/>&#13;<br \/>\n  <br \/>&#13;<br \/>\n  El sacerdote lleg\u00f3 a telefonear a  los servicios de emergencia para pedir ayuda y asesoramiento para utilizar el  dispositivo de geolocalizaci\u00f3n por GPS que llevaba consigo, pero que no sab\u00eda  usar. Las b\u00fasquedas del prelado se prolongaron durante semanas y movilizaron,  por tierra y mar, a grupos del Ej\u00e9rcito, del cuerpo de bomberos, a las fuerzas  de seguridad locales y a voluntarios. Los restos del religioso fueron  encontrados en alta mar, cerca de 1.000 kil\u00f3metros al noreste del lugar de su  desaparici\u00f3n.<br \/>&#13;<br \/>\n  <br \/>&#13;<br \/>\n  Los responsables de Petrobras  comunicaron sus sospechas de que los restos podr\u00edan corresponder a de Carli,  puesto que las ropas coincid\u00edan con la descripci\u00f3n de las que llevaba el  sacerdote el d\u00eda de su desaparici\u00f3n. El sacerdote, de 42 a\u00f1os, era famoso en  Brasil por haber emprendido otros vuelos arriesgados con centenares de vistosos  globos de colores. En su \u00faltimo vuelo, de Carli trat\u00f3 de superar su r\u00e9cord  personal de globos de colores. <br \/>&#13;<br \/>\n  <br \/>&#13;<br \/>\n  Con su haza\u00f1a, adem\u00e1s el sacerdote ten\u00eda como  objetivo llamar la atenci\u00f3n y recaudar fondos para un proyecto que \u00e9l ide\u00f3 a  fin de ayudar a los camioneros que llegan al puerto de Paranagu\u00e1. El dinero se  emplear\u00eda para la construcci\u00f3n de la sede de su proyecto.<\/p>\n<p>&#13;<\/p>\n<h6> 2008-07-30 17:50:41 <\/h6>\n<p><!--\n<link rel=\"stylesheet\" href=\"css\/bootstrap.min.css\">\n\n\n<ul class=\"pagination\">\n\t    \n\t\n\n<li >\n\t<a href='?page_no=21156'>Previous<\/a>\n\t<\/li>\n\n\n       \n    \n\n<li><a href='?page_no=1'>1<\/a><\/li>\n\n\n\n<li><a href='?page_no=2'>2<\/a><\/li>\n\n\n\n<li><a>...<\/a><\/li>\n\n\n\n<li><a href='?page_no=21155'>21155<\/a><\/li>\n\n\n\n<li><a href='?page_no=21156'>21156<\/a><\/li>\n\n\n\n<li class='active'><a>21157<\/a><\/li>\n\n\n\n<li><a href='?page_no=21158'>21158<\/a><\/li>\n\n\n\n<li><a href='?page_no=21159'>21159<\/a><\/li>\n\n\n\n<li><a>...<\/a><\/li>\n\n\n\n<li><a href='?page_no=22522'>22522<\/a><\/li>\n\n\n\n<li><a href='?page_no=22523'>22523<\/a><\/li>\n\n    \n\t\n\n<li >\n\t<a href='?page_no=21158'>Next<\/a>\n\t<\/li>\n\n\n    \n\n<li><a href='?page_no=22523'>Last &rsaquo;&rsaquo;<\/a><\/li>\n\n<\/ul>\n\n\n--><br \/>\n<\/body><\/p>\n","protected":false},"excerpt":{"rendered":"<p>La polic\u00eda brasile\u00f1a confirma la muerte del &#8216;sacerdote volador&#8217;&#13; &#13; El p\u00e1rroco Adelir de Carli desapareci\u00f3 el pasado 20 de abril, despu\u00e9s de emprender el vuelo con la ayuda de un millar de globos.- Sus restos han aparecido en alta mar &#13; &#13; EFE &#8211; R\u00edo de Janeiro &#8211; 30\/07\/2008 &#13; Un examen de ADN [&hellip;]<\/p>\n","protected":false},"author":3,"featured_media":0,"comment_status":"open","ping_status":"open","sticky":false,"template":"","format":"standard","meta":{"footnotes":""},"categories":[25],"tags":[],"class_list":["post-92535","post","type-post","status-publish","format-standard","hentry","category-gente"],"_links":{"self":[{"href":"https:\/\/diariodominicano.com\/index.php?rest_route=\/wp\/v2\/posts\/92535","targetHints":{"allow":["GET"]}}],"collection":[{"href":"https:\/\/diariodominicano.com\/index.php?rest_route=\/wp\/v2\/posts"}],"about":[{"href":"https:\/\/diariodominicano.com\/index.php?rest_route=\/wp\/v2\/types\/post"}],"author":[{"embeddable":true,"href":"https:\/\/diariodominicano.com\/index.php?rest_route=\/wp\/v2\/users\/3"}],"replies":[{"embeddable":true,"href":"https:\/\/diariodominicano.com\/index.php?rest_route=%2Fwp%2Fv2%2Fcomments&post=92535"}],"version-history":[{"count":0,"href":"https:\/\/diariodominicano.com\/index.php?rest_route=\/wp\/v2\/posts\/92535\/revisions"}],"wp:attachment":[{"href":"https:\/\/diariodominicano.com\/index.php?rest_route=%2Fwp%2Fv2%2Fmedia&parent=92535"}],"wp:term":[{"taxonomy":"category","embeddable":true,"href":"https:\/\/diariodominicano.com\/index.php?rest_route=%2Fwp%2Fv2%2Fcategories&post=92535"},{"taxonomy":"post_tag","embeddable":true,"href":"https:\/\/diariodominicano.com\/index.php?rest_route=%2Fwp%2Fv2%2Ftags&post=92535"}],"curies":[{"name":"wp","href":"https:\/\/api.w.org\/{rel}","templated":true}]}}