{"id":92531,"date":"2008-07-30T21:55:50","date_gmt":"2008-07-30T21:55:50","guid":{"rendered":"http:\/\/diariodominicano.ddns.net\/?p=92531"},"modified":"2008-07-30T21:55:50","modified_gmt":"2008-07-30T21:55:50","slug":"buen-vivir-realizara-lonchera-saludable-en-bella-vista-mall","status":"publish","type":"post","link":"https:\/\/diariodominicano.com\/?p=92531","title":{"rendered":"Buen Vivir realizar\u00e1 \u201cLonchera Saludable\u201d en Bella Vista Mall"},"content":{"rendered":"<p><body><\/p>\n<p align=\"justify\"><span class=\"titulogrande1\"><strong>Buen Vivir realizar\u00e1 \u201cLonchera Saludable\u201d  en Bella Vista Mall<\/strong>\u00a0<\/span><br \/>&#13;<br \/>\n  \u00a0<br \/>&#13;<br \/>\n  <span class=\"text1noticias\"><strong>SANTO DOMINGO. R.D<\/strong>.- Con la finalidad de orientar a los padres a  preparar alimentos saludables para sus hijos, Buen Vivir realizar\u00e1 el evento  Lonchera Saludable en las instalaciones de Bella Vista Mall el pr\u00f3ximo s\u00e1bado 2  de agosto. \u00a0<br \/>&#13;<br \/>\n  <br \/>&#13;<br \/>\n  En esta actividad participar\u00e1n los destacados  chef <strong><em>Alberto Mart\u00edn<\/em><\/strong>, Chef Ejecutivo del Hotel Occidental El  Embajador, <strong><em>Enrique Corrales<\/em><\/strong> del Hotel Intercontinental V  Centenario e <strong><em>Ingrid Bueno<\/em><\/strong> del Restaurant Nonna Rosa quienes  preparar\u00e1n recetas f\u00e1ciles, pr\u00e1cticas y saludables para los peque\u00f1os de la  casa.\u00a0<br \/>&#13;<br \/>\n  <br \/>&#13;<br \/>\n  Adem\u00e1s, contar\u00e1 con la participaci\u00f3n de la  experta nutricionista <strong><em>Dulce Mari\u00f1ez<\/em><\/strong>, quien, explicar\u00e1 todas las  benevolencias de ingerir alimentos saludables y la diferencia entre comer y  alimentarse. \u00a0<br \/>&#13;<br \/>\n  <br \/>&#13;<br \/>\n\u201cLonchera Saludable\u201d contar\u00e1 con el respaldo  de Cereales <strong><em>Kellogs, Malta Morena, Propagas, Kraft, Pediasure, Milex,  Fest\u00edn de Colores <\/em><\/strong>y<strong><em> Excelencias &amp; Eventos <\/em><\/strong>quienes  propiciar\u00e1n un d\u00eda entero de diversi\u00f3n, alegr\u00eda y recetas saludables para los  presentes.\u00a0 \u00a0<br \/>&#13;<br \/>\n<br \/>&#13;<br \/>\nBaldom, Jugavena, Choco Avena, Helados  Manresa, Galletas Dino, Coca-cola, Club Social, Milex, Pediasure, y Cereales  Kellogs se encargaran de brindar degustaciones. La parte de animaci\u00f3n estar\u00e1 a  cargo de Fest\u00edn de Colores, con rifas, concursos y muchos premios para los  asistentes a este evento.\u00a0<br \/>&#13;<br \/>\n<br \/>&#13;<br \/>\n  Como medio patrocinador tenemos a <strong><em>Cicom<\/em><\/strong>,  Revista Infantil <strong><em>Tinmar\u00edn <\/em><\/strong>del peri\u00f3dico Hoy, y la colaboraci\u00f3n  de: Cocina Gourmet, Tv. Revista, La   Hora de T\u00e9, La   Ma\u00f1ana de Liselot, Andrickson Estudio fotogr\u00e1fico e Innova  Marketing Group. La animaci\u00f3n musical estar\u00e1 a cargo del destacado\u00a0 d\u00b4j  Carlos Cabral. Lonchera Saludable estar\u00e1 desbordaba con un derroche de  algarab\u00eda y animaci\u00f3n\u00a0 a cargo de los fant\u00e1sticos personajes de Fest\u00edn de  Colores.\u00a0<br \/>&#13;<br \/>\n  <br \/>&#13;<br \/>\nEl primer Festival de Lonchera Saludable es  un evento organizado por <strong><em>Producciones Buen Vivir<\/em><\/strong>, empresa que se  encarga de producir eventos culinarios en el pa\u00eds. Este evento ser\u00e1 transmitido  por Buen Vivir en horario de 9 a  10 de la noche, los s\u00e1bados por CDN Canal 37. <\/span><\/p>\n<p>&#13;<\/p>\n<h6> 2008-07-30 21:55:50 <\/h6>\n<p><!--\n<link rel=\"stylesheet\" href=\"css\/bootstrap.min.css\">\n\n\n<ul class=\"pagination\">\n\t    \n\t\n\n<li >\n\t<a href='?page_no=21152'>Previous<\/a>\n\t<\/li>\n\n\n       \n    \n\n<li><a href='?page_no=1'>1<\/a><\/li>\n\n\n\n<li><a href='?page_no=2'>2<\/a><\/li>\n\n\n\n<li><a>...<\/a><\/li>\n\n\n\n<li><a href='?page_no=21151'>21151<\/a><\/li>\n\n\n\n<li><a href='?page_no=21152'>21152<\/a><\/li>\n\n\n\n<li class='active'><a>21153<\/a><\/li>\n\n\n\n<li><a href='?page_no=21154'>21154<\/a><\/li>\n\n\n\n<li><a href='?page_no=21155'>21155<\/a><\/li>\n\n\n\n<li><a>...<\/a><\/li>\n\n\n\n<li><a href='?page_no=22522'>22522<\/a><\/li>\n\n\n\n<li><a href='?page_no=22523'>22523<\/a><\/li>\n\n    \n\t\n\n<li >\n\t<a href='?page_no=21154'>Next<\/a>\n\t<\/li>\n\n\n    \n\n<li><a href='?page_no=22523'>Last &rsaquo;&rsaquo;<\/a><\/li>\n\n<\/ul>\n\n\n--><br \/>\n<\/body><\/p>\n","protected":false},"excerpt":{"rendered":"<p>Buen Vivir realizar\u00e1 \u201cLonchera Saludable\u201d en Bella Vista Mall\u00a0&#13; \u00a0&#13; SANTO DOMINGO. R.D.- Con la finalidad de orientar a los padres a preparar alimentos saludables para sus hijos, Buen Vivir realizar\u00e1 el evento Lonchera Saludable en las instalaciones de Bella Vista Mall el pr\u00f3ximo s\u00e1bado 2 de agosto. \u00a0&#13; &#13; En esta actividad participar\u00e1n los [&hellip;]<\/p>\n","protected":false},"author":3,"featured_media":0,"comment_status":"open","ping_status":"open","sticky":false,"template":"","format":"standard","meta":{"footnotes":""},"categories":[25],"tags":[],"class_list":["post-92531","post","type-post","status-publish","format-standard","hentry","category-gente"],"_links":{"self":[{"href":"https:\/\/diariodominicano.com\/index.php?rest_route=\/wp\/v2\/posts\/92531","targetHints":{"allow":["GET"]}}],"collection":[{"href":"https:\/\/diariodominicano.com\/index.php?rest_route=\/wp\/v2\/posts"}],"about":[{"href":"https:\/\/diariodominicano.com\/index.php?rest_route=\/wp\/v2\/types\/post"}],"author":[{"embeddable":true,"href":"https:\/\/diariodominicano.com\/index.php?rest_route=\/wp\/v2\/users\/3"}],"replies":[{"embeddable":true,"href":"https:\/\/diariodominicano.com\/index.php?rest_route=%2Fwp%2Fv2%2Fcomments&post=92531"}],"version-history":[{"count":0,"href":"https:\/\/diariodominicano.com\/index.php?rest_route=\/wp\/v2\/posts\/92531\/revisions"}],"wp:attachment":[{"href":"https:\/\/diariodominicano.com\/index.php?rest_route=%2Fwp%2Fv2%2Fmedia&parent=92531"}],"wp:term":[{"taxonomy":"category","embeddable":true,"href":"https:\/\/diariodominicano.com\/index.php?rest_route=%2Fwp%2Fv2%2Fcategories&post=92531"},{"taxonomy":"post_tag","embeddable":true,"href":"https:\/\/diariodominicano.com\/index.php?rest_route=%2Fwp%2Fv2%2Ftags&post=92531"}],"curies":[{"name":"wp","href":"https:\/\/api.w.org\/{rel}","templated":true}]}}