{"id":92527,"date":"2008-07-30T22:10:23","date_gmt":"2008-07-30T22:10:23","guid":{"rendered":"http:\/\/diariodominicano.ddns.net\/?p=92527"},"modified":"2008-07-30T22:10:23","modified_gmt":"2008-07-30T22:10:23","slug":"idecoop-en-el-desfile-de-new-york","status":"publish","type":"post","link":"https:\/\/diariodominicano.com\/?p=92527","title":{"rendered":"IDECOOP en el desfile de New York"},"content":{"rendered":"<p><body><\/p>\n<p align=\"center\" class=\"titulogrande1\"><strong>IDECOOP en el desfile de New York<\/strong><\/p>\n<p>&#13;<\/p>\n<p align=\"justify\" class=\"text1noticias\"><strong><img loading=\"lazy\" decoding=\"async\" src=\"http:\/\/localhost:8080\/gente\/img\/desfile bronx.jpg\" width=\"375\" height=\"256\" hspace=\"4\" align=\"left\" \/>Nueva York.-<\/strong> El Instituto de Desarrollo y  Cr\u00e9dito Cooperativo (IDECOOP), una vez m\u00e1s se inserta en los planos  internacionales con su participaci\u00f3n en la d\u00e9cima novena\u00a0 Gran Parada Dominicana del Bronx, donde su  presidente administrador licenciado Pedro Corpor\u00e1n, y un equipo de dominicanos,  desfilaron por primera vez, en una carroza de esta instituci\u00f3n que representa  el sector cooperativo nacional. <br \/>&#13;<br \/>\n  <br \/>&#13;<br \/>\n  El licenciado Pedro Corpor\u00e1n quien fue designado  como padrino internacional del evento, preciso que esta participaci\u00f3n es fruto  de la concepci\u00f3n del presidente de la\u00a0 Rep\u00fablica,\u00a0 doctor Leonel Fern\u00e1ndez Reina, de que las  empresas del Estado brillen mas all\u00e1 de sus fronteras y participen en los  eventos internacionales de manera que el mundo conozca de los valores  incalculables que posee el pueblo y que se encuentra en los niveles de otras  naciones.<br \/>&#13;<br \/>\n  <br \/>&#13;<br \/>\n  Desde el mediod\u00eda, miles de los dominicanos  residentes en el <strong>Bronx<\/strong><strong> <\/strong>y zonas  aleda\u00f1as de <strong>Nueva  York<\/strong> compartieron,\u00a0 en la  avenida Gran Concord\u00e9,\u00a0 y disfrutaban  hasta m\u00e1s no poder\u00a0 de las expresiones  art\u00edsticas y puso en evidencia el folklore y el colorido de las carrozas, los  disfraces y los personajes que frente a ellos pasaban.<br \/>&#13;<br \/>\n  <br \/>&#13;<br \/>\n  La gran  parada del Bronx es una actividad que\u00a0  anualmente realizan los se\u00f1ores Felipe Febles y Rosa Ayala, siendo esta  la d\u00e9cima novena versi\u00f3n que de manera ininterrumpida llevado a feliz  realizaci\u00f3n, la edici\u00f3n de este encuentro, en esta ocasi\u00f3n fue dedicada a los <strong>Padres de la patria<\/strong>,  Juan Pablo Duarte, Mat\u00edas Ram\u00f3n Mella y Francisco del Rosario S\u00e1nchez.<br \/>&#13;<br \/>\n  <br \/>&#13;<br \/>\n  Pedro Corpor\u00e1n, felicito a los dominicanos  radicados en esa urbe y a los organizadores por permitirle que el pueblo se  encontrara en esta ocasi\u00f3n con este sector tan importante de la econom\u00eda  solidaria del pa\u00eds,\u00a0 la carroza del  IDECOOP estuvo amenizada por el conjunto t\u00edpico de Guillermo Guante y los  Merengueros de Quisquilla. <br \/>&#13;<br \/>\n  <br \/>&#13;<br \/>\n  De seguro, muchos dominicanos en la isla  desconoc\u00edan este dato: el encuentro tiene <strong>19 a\u00f1os realiz\u00e1ndose<\/strong> y en la  actualidad es apoyado por diversos sectores en Nueva York y transmiti\u00f3 por <strong>Supercanal Caribe,<\/strong> canal 33.<\/p>\n<p>&#13;<\/p>\n<h6> 2008-07-30 22:10:23 <\/h6>\n<p><!--\n<link rel=\"stylesheet\" href=\"css\/bootstrap.min.css\">\n\n\n<ul class=\"pagination\">\n\t    \n\t\n\n<li >\n\t<a href='?page_no=21148'>Previous<\/a>\n\t<\/li>\n\n\n       \n    \n\n<li><a href='?page_no=1'>1<\/a><\/li>\n\n\n\n<li><a href='?page_no=2'>2<\/a><\/li>\n\n\n\n<li><a>...<\/a><\/li>\n\n\n\n<li><a href='?page_no=21147'>21147<\/a><\/li>\n\n\n\n<li><a href='?page_no=21148'>21148<\/a><\/li>\n\n\n\n<li class='active'><a>21149<\/a><\/li>\n\n\n\n<li><a href='?page_no=21150'>21150<\/a><\/li>\n\n\n\n<li><a href='?page_no=21151'>21151<\/a><\/li>\n\n\n\n<li><a>...<\/a><\/li>\n\n\n\n<li><a href='?page_no=22522'>22522<\/a><\/li>\n\n\n\n<li><a href='?page_no=22523'>22523<\/a><\/li>\n\n    \n\t\n\n<li >\n\t<a href='?page_no=21150'>Next<\/a>\n\t<\/li>\n\n\n    \n\n<li><a href='?page_no=22523'>Last &rsaquo;&rsaquo;<\/a><\/li>\n\n<\/ul>\n\n\n--><br \/>\n<\/body><\/p>\n","protected":false},"excerpt":{"rendered":"<p>IDECOOP en el desfile de New York &#13; Nueva York.- El Instituto de Desarrollo y Cr\u00e9dito Cooperativo (IDECOOP), una vez m\u00e1s se inserta en los planos internacionales con su participaci\u00f3n en la d\u00e9cima novena\u00a0 Gran Parada Dominicana del Bronx, donde su presidente administrador licenciado Pedro Corpor\u00e1n, y un equipo de dominicanos, desfilaron por primera vez, [&hellip;]<\/p>\n","protected":false},"author":3,"featured_media":0,"comment_status":"open","ping_status":"open","sticky":false,"template":"","format":"standard","meta":{"footnotes":""},"categories":[25],"tags":[],"class_list":["post-92527","post","type-post","status-publish","format-standard","hentry","category-gente"],"_links":{"self":[{"href":"https:\/\/diariodominicano.com\/index.php?rest_route=\/wp\/v2\/posts\/92527","targetHints":{"allow":["GET"]}}],"collection":[{"href":"https:\/\/diariodominicano.com\/index.php?rest_route=\/wp\/v2\/posts"}],"about":[{"href":"https:\/\/diariodominicano.com\/index.php?rest_route=\/wp\/v2\/types\/post"}],"author":[{"embeddable":true,"href":"https:\/\/diariodominicano.com\/index.php?rest_route=\/wp\/v2\/users\/3"}],"replies":[{"embeddable":true,"href":"https:\/\/diariodominicano.com\/index.php?rest_route=%2Fwp%2Fv2%2Fcomments&post=92527"}],"version-history":[{"count":0,"href":"https:\/\/diariodominicano.com\/index.php?rest_route=\/wp\/v2\/posts\/92527\/revisions"}],"wp:attachment":[{"href":"https:\/\/diariodominicano.com\/index.php?rest_route=%2Fwp%2Fv2%2Fmedia&parent=92527"}],"wp:term":[{"taxonomy":"category","embeddable":true,"href":"https:\/\/diariodominicano.com\/index.php?rest_route=%2Fwp%2Fv2%2Fcategories&post=92527"},{"taxonomy":"post_tag","embeddable":true,"href":"https:\/\/diariodominicano.com\/index.php?rest_route=%2Fwp%2Fv2%2Ftags&post=92527"}],"curies":[{"name":"wp","href":"https:\/\/api.w.org\/{rel}","templated":true}]}}