{"id":92526,"date":"2008-07-30T23:51:05","date_gmt":"2008-07-30T23:51:05","guid":{"rendered":"http:\/\/diariodominicano.ddns.net\/?p=92526"},"modified":"2008-07-30T23:51:05","modified_gmt":"2008-07-30T23:51:05","slug":"raymond-promociona-nuevo-corte-te-dire","status":"publish","type":"post","link":"https:\/\/diariodominicano.com\/?p=92526","title":{"rendered":"Raymond promociona nuevo corte \u201cTe Dir\u00e9\u201d"},"content":{"rendered":"<p><body><\/p>\n<p><strong>Bachata<br \/>&#13;<br \/>\n  <\/strong><br \/>&#13;<br \/>\n  <strong class=\"titulogrande1\">Raymond promociona nuevo \u00a0corte \u201cTe Dir\u00e9\u201d<\/strong><\/p>\n<p>&#13;<\/p>\n<p align=\"justify\" class=\"text1noticias\"><img loading=\"lazy\" decoding=\"async\" src=\"http:\/\/localhost:8080\/gente\/img\/raimond internet.jpg\" width=\"375\" height=\"249\" hspace=\"4\" align=\"left\" \/>El joven  exponente del genero bachata, Raymond, promociona actualmente en la radio  nacional, su nuevo corte \u201cTe Dir\u00e9\u201d, que cont\u00f3 con arreglos del m\u00fasico  dominicano Rafael N\u00fa\u00f1ez.<\/p>\n<p>&#13;<\/p>\n<p align=\"justify\" class=\"text1noticias\">Sergio Santiago,  manager del artista, se\u00f1al\u00f3 que el tema, en apenas dos semanas que\u00a0 tiene pautado, \u201crecibe el respaldo del  publico, que desde ya se identifica con el joven bachatero\u201d.<\/p>\n<p>&#13;<\/p>\n<p align=\"justify\" class=\"text1noticias\">Raymond se ha  dejado sentir en la radio nacional e internacional con temas como \u201cCon tu  regreso\u201d, \u201cMi vida ya cambi\u00f3\u201d, \u201cCuando se ama\u201d, y su \u00e9xito \u201cLa Ley de la vida\u201d, que el  publico bautiz\u00f3 como \u201cLo que no sirve se bota\u201d.<\/p>\n<p>&#13;<\/p>\n<p align=\"justify\" class=\"text1noticias\">Explic\u00f3  Santiago, que su compacto \u201cA tu gusto\u201d, desde ya est\u00e1 en el mercado local y para  Estados Unidos, \u201cdonde ha recibido el respaldo del p\u00fablico\u201d.<\/p>\n<p>&#13;<\/p>\n<p align=\"justify\" class=\"text1noticias\">\u201cTe Dir\u00e9\u201d,  suena con marcada profusi\u00f3n no s\u00f3lo en Santo Domingo, sino en regiones como el  Este, Sur y parte del Cibao Central, donde Raymond \u201cpenetra de manera r\u00e1pida,  lo que no llenado de sorpresa\u201d.<\/p>\n<p>&#13;<\/p>\n<p align=\"justify\" class=\"text1noticias\">Se\u00f1al\u00f3 que  \u201cverdaderamente, han quedado sorprendido, con la receptividad que ha tenido el  proyecto, en tan poco\u00a0 tiempo\u201d, no s\u00f3lo  en Republica Dominicana, sino en\u00a0 Estados  Unidos, Sur y Centro Am\u00e9rica\u00a0 y Europa.<\/p>\n<p>&#13;<\/p>\n<p align=\"justify\" class=\"text1noticias\">El manager del  cantante de amargue, indic\u00f3 que \u201cemisoras virtuales colocan los temas de  Raymond en posiciones de primac\u00eda, lo que evidencia el espacio ganado por el  proyecto\u201d.<\/p>\n<p>&#13;<\/p>\n<p align=\"justify\" class=\"text1noticias\">\u201cEstamos  desarrollando un trabajo arduo y t\u00e9cnico en este proyecto, que estamos seguro,  se colocar\u00e1 en los primeros lugares en pocos meses\u201d, apunt\u00f3.<\/p>\n<p>&#13;<\/p>\n<p align=\"justify\" class=\"text1noticias\">En Europa,  detall\u00f3 Santiago, las bachatas de Raymond se dejan sentir en estaciones de  Valencia, mientras que en Honduras, \u201csu m\u00fasica ya es parte de las  cotidianidades del pa\u00eds Latinoam\u00e9rica\u201d.<\/p>\n<p>&#13;<\/p>\n<h6> 2008-07-30 23:51:05 <\/h6>\n<p><!--\n<link rel=\"stylesheet\" href=\"css\/bootstrap.min.css\">\n\n\n<ul class=\"pagination\">\n\t    \n\t\n\n<li >\n\t<a href='?page_no=21147'>Previous<\/a>\n\t<\/li>\n\n\n       \n    \n\n<li><a href='?page_no=1'>1<\/a><\/li>\n\n\n\n<li><a href='?page_no=2'>2<\/a><\/li>\n\n\n\n<li><a>...<\/a><\/li>\n\n\n\n<li><a href='?page_no=21146'>21146<\/a><\/li>\n\n\n\n<li><a href='?page_no=21147'>21147<\/a><\/li>\n\n\n\n<li class='active'><a>21148<\/a><\/li>\n\n\n\n<li><a href='?page_no=21149'>21149<\/a><\/li>\n\n\n\n<li><a href='?page_no=21150'>21150<\/a><\/li>\n\n\n\n<li><a>...<\/a><\/li>\n\n\n\n<li><a href='?page_no=22522'>22522<\/a><\/li>\n\n\n\n<li><a href='?page_no=22523'>22523<\/a><\/li>\n\n    \n\t\n\n<li >\n\t<a href='?page_no=21149'>Next<\/a>\n\t<\/li>\n\n\n    \n\n<li><a href='?page_no=22523'>Last &rsaquo;&rsaquo;<\/a><\/li>\n\n<\/ul>\n\n\n--><br \/>\n<\/body><\/p>\n","protected":false},"excerpt":{"rendered":"<p>Bachata&#13; &#13; Raymond promociona nuevo \u00a0corte \u201cTe Dir\u00e9\u201d &#13; El joven exponente del genero bachata, Raymond, promociona actualmente en la radio nacional, su nuevo corte \u201cTe Dir\u00e9\u201d, que cont\u00f3 con arreglos del m\u00fasico dominicano Rafael N\u00fa\u00f1ez. &#13; Sergio Santiago, manager del artista, se\u00f1al\u00f3 que el tema, en apenas dos semanas que\u00a0 tiene pautado, \u201crecibe el [&hellip;]<\/p>\n","protected":false},"author":3,"featured_media":0,"comment_status":"open","ping_status":"open","sticky":false,"template":"","format":"standard","meta":{"footnotes":""},"categories":[25],"tags":[],"class_list":["post-92526","post","type-post","status-publish","format-standard","hentry","category-gente"],"_links":{"self":[{"href":"https:\/\/diariodominicano.com\/index.php?rest_route=\/wp\/v2\/posts\/92526","targetHints":{"allow":["GET"]}}],"collection":[{"href":"https:\/\/diariodominicano.com\/index.php?rest_route=\/wp\/v2\/posts"}],"about":[{"href":"https:\/\/diariodominicano.com\/index.php?rest_route=\/wp\/v2\/types\/post"}],"author":[{"embeddable":true,"href":"https:\/\/diariodominicano.com\/index.php?rest_route=\/wp\/v2\/users\/3"}],"replies":[{"embeddable":true,"href":"https:\/\/diariodominicano.com\/index.php?rest_route=%2Fwp%2Fv2%2Fcomments&post=92526"}],"version-history":[{"count":0,"href":"https:\/\/diariodominicano.com\/index.php?rest_route=\/wp\/v2\/posts\/92526\/revisions"}],"wp:attachment":[{"href":"https:\/\/diariodominicano.com\/index.php?rest_route=%2Fwp%2Fv2%2Fmedia&parent=92526"}],"wp:term":[{"taxonomy":"category","embeddable":true,"href":"https:\/\/diariodominicano.com\/index.php?rest_route=%2Fwp%2Fv2%2Fcategories&post=92526"},{"taxonomy":"post_tag","embeddable":true,"href":"https:\/\/diariodominicano.com\/index.php?rest_route=%2Fwp%2Fv2%2Ftags&post=92526"}],"curies":[{"name":"wp","href":"https:\/\/api.w.org\/{rel}","templated":true}]}}