{"id":92524,"date":"2008-07-31T19:23:39","date_gmt":"2008-07-31T19:23:39","guid":{"rendered":"http:\/\/diariodominicano.ddns.net\/?p=92524"},"modified":"2008-07-31T19:23:39","modified_gmt":"2008-07-31T19:23:39","slug":"laura-bozzo-transmitiria-su-nuevo-programa-desde-republica-dominicana","status":"publish","type":"post","link":"https:\/\/diariodominicano.com\/?p=92524","title":{"rendered":"Laura Bozzo transmitir\u00eda su nuevo programa desde Rep\u00fablica Dominicana"},"content":{"rendered":"<p><body><\/p>\n<p align=\"justify\"><span class=\"titulogrande1\">Laura Bozzo transmitir\u00eda su  nuevo programa desde Rep\u00fablica Dominicana<\/span><br \/>&#13;<br \/>\n\u00a0<br \/>&#13;<br \/>\n<span class=\"text1noticias\"><strong><img loading=\"lazy\" decoding=\"async\" src=\"http:\/\/localhost:8080\/gente\/img\/laura bozzo.jpg\" width=\"375\" height=\"250\" hspace=\"4\" align=\"left\" \/>Santo Domingo.-<\/strong> Promofilm trae a la conductora de televisi\u00f3n peruana Laura Bozzo  con miras a producir 13 especiales desde Santo Domingo.<br \/>&#13;<br \/>\n  \u00a0<br \/>&#13;<br \/>\n  La presentadora del \u00a0programa Laura en Am\u00e9rica, que durante varios  a\u00f1os se transmiti\u00f3 por Telemundo Internacional para todo el continente, viene a  Quisqueya a iniciar los trabajos de pre-producci\u00f3n de lo que ser\u00eda su nueva  temporada en la pantalla chica.<br \/>&#13;<br \/>\n  \u00a0<br \/>&#13;<br \/>\n  Seg\u00fan Esteban Martin,  ejecutivo de Promofilm, empresa que produjo el exitoso reality \u00abQui\u00e9n  Baila Mejor?\u00bb, y que estar\u00eda a cargo de las producciones de La Bozzo en el pa\u00eds, la idea es  que ella conozca el leguaje que la televisi\u00f3n local maneja, visite algunos  canales y se relacione con las producciones que aqu\u00ed se hacen. <br \/>&#13;<br \/>\n  \u00a0<br \/>&#13;<br \/>\n\u00abLa transmisi\u00f3n  iniciar\u00eda dentro de tres meses en una temporada de 13 semanas en la que Laura  presentar\u00eda, con el estilo que la ha caracterizado durante m\u00e1s de una d\u00e9cada,  situaciones basadas en la cotidianidad dominicana\u00bb, explic\u00f3 Martin.<br \/>&#13;<br \/>\n  \u00a0<br \/>&#13;<br \/>\n  Indic\u00f3 adem\u00e1s que la idea de  traer a Laura provino de ella misma luego de escuchar por mucho tiempo sobre el  empuje que la televisi\u00f3n local ha experimentado en los \u00faltimos a\u00f1os.<br \/>&#13;<br \/>\n  \u00a0<br \/>&#13;<br \/>\n\u00abAsimismo se vio  motivada en llegar a los dominicanos residentes en New York, una de las  comunidades de inmigrantes con mayor crecimiento econ\u00f3mico, de potencial  extraordinario y que se destaca en todos los \u00f3rdenes donde interviene\u00bb,  asegur\u00f3 Martin.<br \/>&#13;<br \/>\n  \u00a0<br \/>&#13;<br \/>\n  De igual forma hizo saber que  con este proyecto Laura no s\u00f3lo se desempa\u00f1ar\u00e1 como presentadora sino que har\u00e1  uso de su profesi\u00f3n como abogada para mediar en algunos casos que ameriten  ayuda legal.<br \/>&#13;<br \/>\n  \u00a0<br \/>&#13;<br \/>\n\u00abEn esa direcci\u00f3n  expandir\u00e1 su labor social como se le ha visto en los \u00faltimos a\u00f1os, una  caracter\u00edstica fundamental en sus transmisiones y que pudo palparse en su  reciente Laura en Acci\u00f3n\u00bb&#8230; agreg\u00f3 el ejecutivo.<br \/>&#13;<br \/>\n  \u00a0<br \/>&#13;<br \/>\n  Esta ser\u00eda la primera vez que  la peruana conduce una temporada de televisi\u00f3n fuera de su pa\u00eds y lo hace de la  mano de Promofilm que le produjo su \u00faltimo programa en Per\u00fa.<br \/>&#13;<br \/>\n  \u00a0<br \/>&#13;<br \/>\nPromofilm tiene asiento en  Miami y presencia en Rep\u00fablica Dominicana, Venezuela, Argentina y Colombia.  <br \/>&#13;<br \/>\n<br \/>&#13;<br \/>\nPertenece al grupo de comunicaci\u00f3n \u00abImagina\u00bb de capital espa\u00f1ol.<\/span><\/p>\n<p>&#13;<\/p>\n<h6> 2008-07-31 19:23:39 <\/h6>\n<p><!--\n<link rel=\"stylesheet\" href=\"css\/bootstrap.min.css\">\n\n\n<ul class=\"pagination\">\n\t    \n\t\n\n<li >\n\t<a href='?page_no=21145'>Previous<\/a>\n\t<\/li>\n\n\n       \n    \n\n<li><a href='?page_no=1'>1<\/a><\/li>\n\n\n\n<li><a href='?page_no=2'>2<\/a><\/li>\n\n\n\n<li><a>...<\/a><\/li>\n\n\n\n<li><a href='?page_no=21144'>21144<\/a><\/li>\n\n\n\n<li><a href='?page_no=21145'>21145<\/a><\/li>\n\n\n\n<li class='active'><a>21146<\/a><\/li>\n\n\n\n<li><a href='?page_no=21147'>21147<\/a><\/li>\n\n\n\n<li><a href='?page_no=21148'>21148<\/a><\/li>\n\n\n\n<li><a>...<\/a><\/li>\n\n\n\n<li><a href='?page_no=22522'>22522<\/a><\/li>\n\n\n\n<li><a href='?page_no=22523'>22523<\/a><\/li>\n\n    \n\t\n\n<li >\n\t<a href='?page_no=21147'>Next<\/a>\n\t<\/li>\n\n\n    \n\n<li><a href='?page_no=22523'>Last &rsaquo;&rsaquo;<\/a><\/li>\n\n<\/ul>\n\n\n--><br \/>\n<\/body><\/p>\n","protected":false},"excerpt":{"rendered":"<p>Laura Bozzo transmitir\u00eda su nuevo programa desde Rep\u00fablica Dominicana&#13; \u00a0&#13; Santo Domingo.- Promofilm trae a la conductora de televisi\u00f3n peruana Laura Bozzo con miras a producir 13 especiales desde Santo Domingo.&#13; \u00a0&#13; La presentadora del \u00a0programa Laura en Am\u00e9rica, que durante varios a\u00f1os se transmiti\u00f3 por Telemundo Internacional para todo el continente, viene a Quisqueya [&hellip;]<\/p>\n","protected":false},"author":3,"featured_media":0,"comment_status":"open","ping_status":"open","sticky":false,"template":"","format":"standard","meta":{"footnotes":""},"categories":[25],"tags":[],"class_list":["post-92524","post","type-post","status-publish","format-standard","hentry","category-gente"],"_links":{"self":[{"href":"https:\/\/diariodominicano.com\/index.php?rest_route=\/wp\/v2\/posts\/92524","targetHints":{"allow":["GET"]}}],"collection":[{"href":"https:\/\/diariodominicano.com\/index.php?rest_route=\/wp\/v2\/posts"}],"about":[{"href":"https:\/\/diariodominicano.com\/index.php?rest_route=\/wp\/v2\/types\/post"}],"author":[{"embeddable":true,"href":"https:\/\/diariodominicano.com\/index.php?rest_route=\/wp\/v2\/users\/3"}],"replies":[{"embeddable":true,"href":"https:\/\/diariodominicano.com\/index.php?rest_route=%2Fwp%2Fv2%2Fcomments&post=92524"}],"version-history":[{"count":0,"href":"https:\/\/diariodominicano.com\/index.php?rest_route=\/wp\/v2\/posts\/92524\/revisions"}],"wp:attachment":[{"href":"https:\/\/diariodominicano.com\/index.php?rest_route=%2Fwp%2Fv2%2Fmedia&parent=92524"}],"wp:term":[{"taxonomy":"category","embeddable":true,"href":"https:\/\/diariodominicano.com\/index.php?rest_route=%2Fwp%2Fv2%2Fcategories&post=92524"},{"taxonomy":"post_tag","embeddable":true,"href":"https:\/\/diariodominicano.com\/index.php?rest_route=%2Fwp%2Fv2%2Ftags&post=92524"}],"curies":[{"name":"wp","href":"https:\/\/api.w.org\/{rel}","templated":true}]}}