{"id":92523,"date":"2008-07-31T19:29:02","date_gmt":"2008-07-31T19:29:02","guid":{"rendered":"http:\/\/diariodominicano.ddns.net\/?p=92523"},"modified":"2008-07-31T19:29:02","modified_gmt":"2008-07-31T19:29:02","slug":"este-viernes-certv-ofrecera-un-espectaculo-popular-gratis-en-el-parqueo-frontal","status":"publish","type":"post","link":"https:\/\/diariodominicano.com\/?p=92523","title":{"rendered":"Este viernes CERTV ofrecer\u00e1 un espect\u00e1culo popular gratis, en el parqueo frontal"},"content":{"rendered":"<p><body><\/p>\n<p align=\"justify\" class=\"titulogrande1\"><strong>Este viernes CERTV  ofrecer\u00e1 un espect\u00e1culo popular gratis, en el parqueo frontal<\/strong><\/p>\n<p>&#13;<\/p>\n<p align=\"justify\" class=\"text1noticias\">Nueve  orquestas en el 56 aniversario del  Canal 4<br \/>&#13;<br \/>\n  <br \/>&#13;<br \/>\n<strong>Se ha  instalado una tarima para VIP y la Prensa del Espect\u00e1culo<\/strong><\/p>\n<p>&#13;<\/p>\n<p align=\"justify\" class=\"text1noticias\"><strong><img loading=\"lazy\" decoding=\"async\" src=\"http:\/\/localhost:8080\/gente\/img\/afiche eventos.jpg\" width=\"375\" height=\"625\" hspace=\"4\" align=\"left\" \/>Santo Domingo.-<\/strong> Este viernes 1ro de  agosto, el Canal 4 celebra en grande el 56 aniversario de su creaci\u00f3n; La edad  de la televisi\u00f3n dominicana, con un gran concierto popular a realizarse en el  parqueo frontal de la CERTV desde las 6 de de la tarde.<br \/>&#13;<br \/>\n  <br \/>&#13;<br \/>\n  <strong>EL Jeffrey, H\u00e9ctor Acosta, Sergio  Vargas, Di\u00f3medes, Pe\u00f1a Suazo Juli\u00e1n, Las Caribe\u00f1as, Juliana, y Rachely, <\/strong>forman parte de  la cartelera art\u00edstica que se montar\u00e1 hasta el horario permitido; Cada uno ser\u00e1  entrevistado antes de subir a tarima por talento del canal 4.<br \/>&#13;<br \/>\n  <br \/>&#13;<br \/>\n  Una nota informativa de la <strong>Direcci\u00f3n  de Relaciones P\u00fablicas de CERTV<\/strong>, se\u00f1ala que para \u00abEl espect\u00e1culo  multitudinario se desarrollar\u00e1 desde una gigantesca tarima montada  por la firma Brugal, cargada de multicolores luces, y excelente sonido, tal  como acostumbra la firma en sus principales eventos.<br \/>&#13;<br \/>\n  <br \/> &#13;<br \/>\n  Tambi\u00e9n se ha instalado  una tarima para <strong>VIP y la Prensa del Espect\u00e1culo<\/strong>.<br \/>&#13;<br \/>\n  <br \/>&#13;<br \/>\n  Agrega la nota que el evento ser\u00e1  transmitido en vivo por una cadena de radio y televisi\u00f3n encabezada por el <strong>Canal  4 y Dominicana FM\/98.9<\/strong>; lo mismo por <strong>Quisqueya TV\/canal 17, y Quisqueya  FM\/96.1.<\/strong> La animaci\u00f3n estar\u00e1 a cargo de\u00a0 <strong>Miguel Ortega<\/strong> y el  staff de locutores de <strong>Dominicana FM.<\/strong> <br \/>&#13;<br \/>\n  <br \/>&#13;<br \/>\n  Esta producci\u00f3n para el <strong>56  aniversario del Canal 4,<\/strong> cuenta con amplio despliegue de seguridad \u00a0a  cargo de efectivos de la <strong>Polic\u00eda Nacional y\u00a0 AMET<\/strong>, y el servicio de  la <strong>Cruz Roja Dominicana<\/strong>, la <strong>Defensa Civil<\/strong> y los <strong>Bomberos de  Santo Domingo. <\/strong>Ha recibido el patrocinio de varias empresas, \u00a0entre  ellas, <strong>Brugal, Cervecer\u00eda Nacional Dominicana y Cicl\u00f3n.<\/strong><\/p>\n<p>&#13;<\/p>\n<h6> 2008-07-31 19:29:02 <\/h6>\n<p><!--\n<link rel=\"stylesheet\" href=\"css\/bootstrap.min.css\">\n\n\n<ul class=\"pagination\">\n\t    \n\t\n\n<li >\n\t<a href='?page_no=21144'>Previous<\/a>\n\t<\/li>\n\n\n       \n    \n\n<li><a href='?page_no=1'>1<\/a><\/li>\n\n\n\n<li><a href='?page_no=2'>2<\/a><\/li>\n\n\n\n<li><a>...<\/a><\/li>\n\n\n\n<li><a href='?page_no=21143'>21143<\/a><\/li>\n\n\n\n<li><a href='?page_no=21144'>21144<\/a><\/li>\n\n\n\n<li class='active'><a>21145<\/a><\/li>\n\n\n\n<li><a href='?page_no=21146'>21146<\/a><\/li>\n\n\n\n<li><a href='?page_no=21147'>21147<\/a><\/li>\n\n\n\n<li><a>...<\/a><\/li>\n\n\n\n<li><a href='?page_no=22522'>22522<\/a><\/li>\n\n\n\n<li><a href='?page_no=22523'>22523<\/a><\/li>\n\n    \n\t\n\n<li >\n\t<a href='?page_no=21146'>Next<\/a>\n\t<\/li>\n\n\n    \n\n<li><a href='?page_no=22523'>Last &rsaquo;&rsaquo;<\/a><\/li>\n\n<\/ul>\n\n\n--><br \/>\n<\/body><\/p>\n","protected":false},"excerpt":{"rendered":"<p>Este viernes CERTV ofrecer\u00e1 un espect\u00e1culo popular gratis, en el parqueo frontal &#13; Nueve orquestas en el 56 aniversario del Canal 4&#13; &#13; Se ha instalado una tarima para VIP y la Prensa del Espect\u00e1culo &#13; Santo Domingo.- Este viernes 1ro de agosto, el Canal 4 celebra en grande el 56 aniversario de su creaci\u00f3n; [&hellip;]<\/p>\n","protected":false},"author":3,"featured_media":0,"comment_status":"open","ping_status":"open","sticky":false,"template":"","format":"standard","meta":{"footnotes":""},"categories":[25],"tags":[],"class_list":["post-92523","post","type-post","status-publish","format-standard","hentry","category-gente"],"_links":{"self":[{"href":"https:\/\/diariodominicano.com\/index.php?rest_route=\/wp\/v2\/posts\/92523","targetHints":{"allow":["GET"]}}],"collection":[{"href":"https:\/\/diariodominicano.com\/index.php?rest_route=\/wp\/v2\/posts"}],"about":[{"href":"https:\/\/diariodominicano.com\/index.php?rest_route=\/wp\/v2\/types\/post"}],"author":[{"embeddable":true,"href":"https:\/\/diariodominicano.com\/index.php?rest_route=\/wp\/v2\/users\/3"}],"replies":[{"embeddable":true,"href":"https:\/\/diariodominicano.com\/index.php?rest_route=%2Fwp%2Fv2%2Fcomments&post=92523"}],"version-history":[{"count":0,"href":"https:\/\/diariodominicano.com\/index.php?rest_route=\/wp\/v2\/posts\/92523\/revisions"}],"wp:attachment":[{"href":"https:\/\/diariodominicano.com\/index.php?rest_route=%2Fwp%2Fv2%2Fmedia&parent=92523"}],"wp:term":[{"taxonomy":"category","embeddable":true,"href":"https:\/\/diariodominicano.com\/index.php?rest_route=%2Fwp%2Fv2%2Fcategories&post=92523"},{"taxonomy":"post_tag","embeddable":true,"href":"https:\/\/diariodominicano.com\/index.php?rest_route=%2Fwp%2Fv2%2Ftags&post=92523"}],"curies":[{"name":"wp","href":"https:\/\/api.w.org\/{rel}","templated":true}]}}