{"id":92522,"date":"2008-07-31T20:57:25","date_gmt":"2008-07-31T20:57:25","guid":{"rendered":"http:\/\/diariodominicano.ddns.net\/?p=92522"},"modified":"2008-07-31T20:57:25","modified_gmt":"2008-07-31T20:57:25","slug":"cuadernos-promueven-hazanas-nadador-marcos-diaz","status":"publish","type":"post","link":"https:\/\/diariodominicano.com\/?p=92522","title":{"rendered":"Cuadernos promueven haza\u00f1as nadador Marcos D\u00edaz"},"content":{"rendered":"<p><body><\/p>\n<p class=\"titulogrande1\">Cuadernos  promueven haza\u00f1as nadador Marcos D\u00edaz<strong><\/strong><\/p>\n<p>&#13;<\/p>\n<p align=\"justify\" class=\"text1noticias\"><strong><em>Estar\u00e1n a la  venta en establecimientos de CCN para apoyar los programas de asistencia a  ni\u00f1os con c\u00e1ncer y asma cr\u00f3nica.<\/em><\/strong><\/p>\n<p>&#13;<\/p>\n<p align=\"justify\" class=\"text1noticias\"><strong><img loading=\"lazy\" decoding=\"async\" src=\"http:\/\/localhost:8080\/gente\/img\/marcos diaz.jpg\" width=\"375\" height=\"2626\" hspace=\"4\" align=\"left\" \/>Santo Domingo.-<\/strong> Las im\u00e1genes de los momentos m\u00e1s  memorables de las competiciones y de las traves\u00edas del destacado nadador Marcos  D\u00edaz, ilustran a una serie de cuadernos escolares que promueven esta disciplina  deportiva y forman parte de un programa de recaudaci\u00f3n de fondos para los  proyectos de asistencia social de la fundaci\u00f3n de este deportista dominicano.<\/p>\n<p>&#13;<\/p>\n<p align=\"justify\" class=\"text1noticias\"> La gerente de mercadeo de  Hipermercados Jumbo, Madelyn Mart\u00ednez, inform\u00f3 que dichos cuadernos se estar\u00e1n  ofertando durante esta temporada escolar, en todas las sucursales de  Hipermercados Jumbo, Juguet\u00f3n, Librer\u00eda Cuesta y en el Supermercado Nacional de  Santiago de Los Caballeros.<\/p>\n<p>&#13;<\/p>\n<p align=\"justify\" class=\"text1noticias\"> La se\u00f1orita Mart\u00ednez expres\u00f3 que  CCN\u00a0 decide unirse a esta gran causa,  siendo el canal de distribuci\u00f3n y venta de las mascotas, cuyas recaudaciones  ser\u00e1n  destinadas a la Fundaci\u00f3n Marcos D\u00edaz, con el objetivo  de revitalizar los planes de asistencia de esta organizaci\u00f3n. <\/p>\n<p>&#13;<\/p>\n<p align=\"justify\" class=\"text1noticias\"> La gerente de mercadeo de Jumbo dijo  que los cuadernos constan de 8 variedades de dise\u00f1os, con fotograf\u00edas de este  joven dominicano, y que se estar\u00e1n ofertando en esta temporada escolar.<\/p>\n<p>&#13;<\/p>\n<p align=\"justify\" class=\"text1noticias\"> Agreg\u00f3 que al comprar cualquiera de  estos cuadernos, los clientes no s\u00f3lo se llevar\u00e1n a sus casas una herramienta  escolar de calidad, sino que al mismo tiempo estar\u00e1n contribuyendo con esta  noble causa.<\/p>\n<p>&#13;<\/p>\n<p align=\"justify\" class=\"text1noticias\"> Se\u00f1al\u00f3 que las im\u00e1genes de Marcos fueron captadas  durante sus sacrificadas sesiones de entrenamiento en piscina, en el mar y en  momentos cuando estableci\u00f3 el r\u00e9cord mundial en el Cruce doble del Estrecho de  Gibraltar; en Saman\u00e1, con los brazos hacia arriba \u00a0con el n\u00famero 1 en sus  manos.<\/p>\n<p>&#13;<\/p>\n<p align=\"justify\" class=\"text1noticias\">  Adem\u00e1s, fotograf\u00edas donde ha ganado  competencias y ha establecido r\u00e9cords oficiales y en entrenamiento.<br \/>&#13;<br \/>\n  <br \/>&#13;<br \/>\n Mart\u00ednez  expres\u00f3 que estar\u00e1n disponibles cuadernos con im\u00e1genes de Marcos D\u00edaz  practicando surfing, su pasatiempo preferido, donde lleg\u00f3 a practicar este deporte a nivel  competitivo, ganar campeonatos nacionales y representando al pa\u00eds en dos  competiciones panamericanas y uno mundial.<\/p>\n<p>&#13;<\/p>\n<p align=\"justify\" class=\"text1noticias\">\u201cComo podr\u00e1n apreciar, estos  cuadernos constan de gran calidad y colorido, con distintos temas deportivos  vinculados a Marcos D\u00edaz en sus m\u00e1s laureadas competiciones\u00a0 y traves\u00edas de nataci\u00f3n en varios puntos  geogr\u00e1ficos del pa\u00eds y del exterior, as\u00ed como sus pr\u00e1cticas en otros deportes  acu\u00e1ticos como el surfing\u201d, a\u00f1adi\u00f3.<\/p>\n<p>&#13;<\/p>\n<p align=\"justify\" class=\"text1noticias\"> Agreg\u00f3, adem\u00e1s, que \u201cestamos  convencidos de que estos art\u00edculos, con sus singulares im\u00e1genes, no s\u00f3lo  conquistar\u00e1n el buen gusto de nuestros consumidores, sino que tambi\u00e9n, entre  todos, pondremos un granito de arena para devolver la sonrisa a decenas de  ni\u00f1os que atraviesan por esta dif\u00edcil situaci\u00f3n\u201d.<\/p>\n<p>&#13;<\/p>\n<p align=\"justify\" class=\"text1noticias\"><strong>Sobre la  Fundaci\u00f3n Marcos D\u00edaz<\/strong><\/p>\n<p>&#13;<\/p>\n<p align=\"justify\" class=\"text1noticias\"> Esta instituci\u00f3n sin fines de lucro  est\u00e1 registrada bajo las leyes de la Rep\u00fablica Dominicana, que rigen dichas  instituciones (ONG).\u00a0 Este proyecto se  realiza gracias al aporte personal de su presidente Marcos D\u00edaz; su directora,  Nathalia Bentz, y un gran grupo de amigos y colaboradores de la instituci\u00f3n.<\/p>\n<p>&#13;<\/p>\n<p align=\"justify\" class=\"text1noticias\"> Con  las recaudaciones producto de estos proyectos especiales busca fortalecer su  organizaci\u00f3n y con esto ampliar la capacidad de los programas de aporte social  que mantiene en la actualidad.<\/p>\n<p>&#13;<\/p>\n<p align=\"justify\" class=\"text1noticias\"> Miles de ni\u00f1os y j\u00f3venes son  beneficiados anualmente a trav\u00e9s de los distintos programas de aporte social  que mantiene la Fundaci\u00f3n Marcos D\u00edaz, as\u00ed como tambi\u00e9n a trav\u00e9s de las  colaboraciones especiales que realizan particulares.<br \/>&#13;<br \/>\n  <br \/>&#13;<br \/>\n Los programas que ejecuta la entidad son la \u201cRuta de Liceos y Colegios Marcos D\u00edaz\u201d,\u00a0 \u201cAyuda a los ni\u00f1os con c\u00e1ncer del Hospital  Robert Reid Cabral\u201d y \u201cPrograma para ni\u00f1os con asma cr\u00f3nica\u201d.<\/p>\n<p>&#13;<\/p>\n<p align=\"justify\" class=\"text1noticias\"> El fundador de esa organizaci\u00f3n,  se\u00f1or Marcos D\u00edaz, como paciente de asma, siente el deseo de poder proveer a  los ni\u00f1os afectados por esta terrible condici\u00f3n los medicamentos y \u00a0la  orientaci\u00f3n para controlar los efectos negativos de la misma.<\/p>\n<p>&#13;<\/p>\n<p align=\"justify\" class=\"text1noticias\"> Adem\u00e1s del se\u00f1or D\u00edaz, la Fundaci\u00f3n  es dirigida por Nathalia Bentz Brugal, y est\u00e1 ubicada en la calle 3 n\u00famero 3, de la Torre Ivette, apartamento 5-B del ensanche  La Julia, en Santo Domingo, con el  tel\u00e9fono (809) 293-5557.<\/p>\n<p>&#13;<\/p>\n<h6> 2008-07-31 20:57:25 <\/h6>\n<p><!--\n<link rel=\"stylesheet\" href=\"css\/bootstrap.min.css\">\n\n\n<ul class=\"pagination\">\n\t    \n\t\n\n<li >\n\t<a href='?page_no=21143'>Previous<\/a>\n\t<\/li>\n\n\n       \n    \n\n<li><a href='?page_no=1'>1<\/a><\/li>\n\n\n\n<li><a href='?page_no=2'>2<\/a><\/li>\n\n\n\n<li><a>...<\/a><\/li>\n\n\n\n<li><a href='?page_no=21142'>21142<\/a><\/li>\n\n\n\n<li><a href='?page_no=21143'>21143<\/a><\/li>\n\n\n\n<li class='active'><a>21144<\/a><\/li>\n\n\n\n<li><a href='?page_no=21145'>21145<\/a><\/li>\n\n\n\n<li><a href='?page_no=21146'>21146<\/a><\/li>\n\n\n\n<li><a>...<\/a><\/li>\n\n\n\n<li><a href='?page_no=22522'>22522<\/a><\/li>\n\n\n\n<li><a href='?page_no=22523'>22523<\/a><\/li>\n\n    \n\t\n\n<li >\n\t<a href='?page_no=21145'>Next<\/a>\n\t<\/li>\n\n\n    \n\n<li><a href='?page_no=22523'>Last &rsaquo;&rsaquo;<\/a><\/li>\n\n<\/ul>\n\n\n--><br \/>\n<\/body><\/p>\n","protected":false},"excerpt":{"rendered":"<p>Cuadernos promueven haza\u00f1as nadador Marcos D\u00edaz &#13; Estar\u00e1n a la venta en establecimientos de CCN para apoyar los programas de asistencia a ni\u00f1os con c\u00e1ncer y asma cr\u00f3nica. &#13; Santo Domingo.- Las im\u00e1genes de los momentos m\u00e1s memorables de las competiciones y de las traves\u00edas del destacado nadador Marcos D\u00edaz, ilustran a una serie de [&hellip;]<\/p>\n","protected":false},"author":3,"featured_media":0,"comment_status":"open","ping_status":"open","sticky":false,"template":"","format":"standard","meta":{"footnotes":""},"categories":[25],"tags":[],"class_list":["post-92522","post","type-post","status-publish","format-standard","hentry","category-gente"],"_links":{"self":[{"href":"https:\/\/diariodominicano.com\/index.php?rest_route=\/wp\/v2\/posts\/92522","targetHints":{"allow":["GET"]}}],"collection":[{"href":"https:\/\/diariodominicano.com\/index.php?rest_route=\/wp\/v2\/posts"}],"about":[{"href":"https:\/\/diariodominicano.com\/index.php?rest_route=\/wp\/v2\/types\/post"}],"author":[{"embeddable":true,"href":"https:\/\/diariodominicano.com\/index.php?rest_route=\/wp\/v2\/users\/3"}],"replies":[{"embeddable":true,"href":"https:\/\/diariodominicano.com\/index.php?rest_route=%2Fwp%2Fv2%2Fcomments&post=92522"}],"version-history":[{"count":0,"href":"https:\/\/diariodominicano.com\/index.php?rest_route=\/wp\/v2\/posts\/92522\/revisions"}],"wp:attachment":[{"href":"https:\/\/diariodominicano.com\/index.php?rest_route=%2Fwp%2Fv2%2Fmedia&parent=92522"}],"wp:term":[{"taxonomy":"category","embeddable":true,"href":"https:\/\/diariodominicano.com\/index.php?rest_route=%2Fwp%2Fv2%2Fcategories&post=92522"},{"taxonomy":"post_tag","embeddable":true,"href":"https:\/\/diariodominicano.com\/index.php?rest_route=%2Fwp%2Fv2%2Ftags&post=92522"}],"curies":[{"name":"wp","href":"https:\/\/api.w.org\/{rel}","templated":true}]}}