{"id":92520,"date":"2008-07-31T22:44:30","date_gmt":"2008-07-31T22:44:30","guid":{"rendered":"http:\/\/diariodominicano.ddns.net\/?p=92520"},"modified":"2008-07-31T22:44:30","modified_gmt":"2008-07-31T22:44:30","slug":"jessie-entre-las-primeras-de-colombia","status":"publish","type":"post","link":"https:\/\/diariodominicano.com\/?p=92520","title":{"rendered":"Jessie entre las primeras de Colombia"},"content":{"rendered":"<p><body><\/p>\n<p align=\"justify\"><strong class=\"titulogrande1\">Jessie entre las primeras de Colombia <\/strong><br \/>&#13;<br \/>\n  <br \/>&#13;<br \/>\n    <span class=\"text1noticias\"><strong>Su sencillo \u201cMe quiero enamorar\u201d ocupa la octava  posici\u00f3n del Top 20 de la emisora La Mega 90.9 FM y est\u00e1 entre las m\u00e1s  escuchadas seg\u00fan B&amp;V Mercadeo<\/strong><br \/>&#13;<br \/>\n    <br \/>&#13;<br \/>\n    <strong>El v\u00eddeo del tema llega a m\u00e1s de 50  pa\u00edses y consolida su \u00e9xito en el Caribe y Sudam\u00e9rica<\/strong><br \/>&#13;<br \/>\n    <br \/>&#13;<br \/>\n    <strong>Su disco \u201cAcetato\u201d est\u00e1 a la venta en la tienda de m\u00fasica online, Itunes, y en la p\u00e1gina www.fuegoentertainment.net de Internet <\/strong><br \/>&#13;<br \/>\n    <br \/>&#13;<br \/>\n    <strong>Actualmente la artista se encuentra concediendo entrevistas a varios medios hispanos<\/strong><\/span><\/p>\n<p>&#13;<\/p>\n<p align=\"justify\" class=\"text1noticias\"><strong><img loading=\"lazy\" decoding=\"async\" src=\"http:\/\/localhost:8080\/gente\/img\/jesie primera.jpg\" width=\"375\" height=\"557\" hspace=\"4\" align=\"left\" \/>Miami, FL.- <\/strong>Jessie est\u00e1 conquistando  una de sus m\u00e1s preciadas metas: triunfar en su pa\u00eds para llevar ese \u00e9xito a  todo el continente. La cantante pop colombiana se ubica esta semana en los  primeros lugares de las listas de m\u00fasica de Colombia, y Latinoam\u00e9rica ya baila  a su ritmo.<br \/>&#13;<br \/>\n  <br \/>&#13;<br \/>\n  Su nuevo sencillo \u201cMe quiero enamorar\u201d se coloca esta semana  en la octava posici\u00f3n del Top 20 de la estaci\u00f3n La Mega 90.9 FM de Colombia, y  est\u00e1 entre las m\u00e1s pegadas del pa\u00eds, ya que sigue ascendiendo en el conteo de  \u201cLas 30 Latinas\u201d de B&amp;V Mercadeo, subiendo desde la posici\u00f3n 36 a la 14.<br \/>&#13;<br \/>\n  <br \/>&#13;<br \/>\n  Adem\u00e1s, tanto en Sudam\u00e9rica como en el Caribe, su  nombre ya es favorito por los oyentes radiales, as\u00ed como para los televidentes  del los canales HTV, Kmusic y ahora en Ritmoson Latino de la cadena Televisa  Network, con alcance a m\u00e1s de 50 pa\u00edses. \u201cUna de las m\u00e1s grandes bendiciones  que me ha dado Dios en la vida es poder dedicarme a lo que verdaderamente me  apasiona, y espero poder seguir con esta dicha por el resto de mi existencia\u201d,  expres\u00f3 la cantante, una de los talentos m\u00e1s importantes de Colombia hacia el  exterior.<br \/>&#13;<br \/>\n  <br \/>&#13;<br \/>\n\u201cMe quiero Enamorar\u201d, es el segundo sencillo del nuevo  disco de Jessie titulado \u201cAcetato\u201d, el cual est\u00e1 a la venta en la tienda de  m\u00fasica online Itunes, y en la p\u00e1gina de Internet, www.fuegoentertainment.net <br \/>&#13;<br \/>\n<br \/>&#13;<br \/>\nActualmente la artista se encuentra concediendo  entrevistas con medios hispanos de Estados Unidos y de varios pa\u00edses de  Latinoam\u00e9rica. <\/p>\n<p>&#13;<\/p>\n<h6> 2008-07-31 22:44:30 <\/h6>\n<p><!--\n<link rel=\"stylesheet\" href=\"css\/bootstrap.min.css\">\n\n\n<ul class=\"pagination\">\n\t    \n\t\n\n<li >\n\t<a href='?page_no=21141'>Previous<\/a>\n\t<\/li>\n\n\n       \n    \n\n<li><a href='?page_no=1'>1<\/a><\/li>\n\n\n\n<li><a href='?page_no=2'>2<\/a><\/li>\n\n\n\n<li><a>...<\/a><\/li>\n\n\n\n<li><a href='?page_no=21140'>21140<\/a><\/li>\n\n\n\n<li><a href='?page_no=21141'>21141<\/a><\/li>\n\n\n\n<li class='active'><a>21142<\/a><\/li>\n\n\n\n<li><a href='?page_no=21143'>21143<\/a><\/li>\n\n\n\n<li><a href='?page_no=21144'>21144<\/a><\/li>\n\n\n\n<li><a>...<\/a><\/li>\n\n\n\n<li><a href='?page_no=22522'>22522<\/a><\/li>\n\n\n\n<li><a href='?page_no=22523'>22523<\/a><\/li>\n\n    \n\t\n\n<li >\n\t<a href='?page_no=21143'>Next<\/a>\n\t<\/li>\n\n\n    \n\n<li><a href='?page_no=22523'>Last &rsaquo;&rsaquo;<\/a><\/li>\n\n<\/ul>\n\n\n--><br \/>\n<\/body><\/p>\n","protected":false},"excerpt":{"rendered":"<p>Jessie entre las primeras de Colombia &#13; &#13; Su sencillo \u201cMe quiero enamorar\u201d ocupa la octava posici\u00f3n del Top 20 de la emisora La Mega 90.9 FM y est\u00e1 entre las m\u00e1s escuchadas seg\u00fan B&amp;V Mercadeo&#13; &#13; El v\u00eddeo del tema llega a m\u00e1s de 50 pa\u00edses y consolida su \u00e9xito en el Caribe y [&hellip;]<\/p>\n","protected":false},"author":3,"featured_media":0,"comment_status":"open","ping_status":"open","sticky":false,"template":"","format":"standard","meta":{"footnotes":""},"categories":[25],"tags":[],"class_list":["post-92520","post","type-post","status-publish","format-standard","hentry","category-gente"],"_links":{"self":[{"href":"https:\/\/diariodominicano.com\/index.php?rest_route=\/wp\/v2\/posts\/92520","targetHints":{"allow":["GET"]}}],"collection":[{"href":"https:\/\/diariodominicano.com\/index.php?rest_route=\/wp\/v2\/posts"}],"about":[{"href":"https:\/\/diariodominicano.com\/index.php?rest_route=\/wp\/v2\/types\/post"}],"author":[{"embeddable":true,"href":"https:\/\/diariodominicano.com\/index.php?rest_route=\/wp\/v2\/users\/3"}],"replies":[{"embeddable":true,"href":"https:\/\/diariodominicano.com\/index.php?rest_route=%2Fwp%2Fv2%2Fcomments&post=92520"}],"version-history":[{"count":0,"href":"https:\/\/diariodominicano.com\/index.php?rest_route=\/wp\/v2\/posts\/92520\/revisions"}],"wp:attachment":[{"href":"https:\/\/diariodominicano.com\/index.php?rest_route=%2Fwp%2Fv2%2Fmedia&parent=92520"}],"wp:term":[{"taxonomy":"category","embeddable":true,"href":"https:\/\/diariodominicano.com\/index.php?rest_route=%2Fwp%2Fv2%2Fcategories&post=92520"},{"taxonomy":"post_tag","embeddable":true,"href":"https:\/\/diariodominicano.com\/index.php?rest_route=%2Fwp%2Fv2%2Ftags&post=92520"}],"curies":[{"name":"wp","href":"https:\/\/api.w.org\/{rel}","templated":true}]}}