{"id":92519,"date":"2008-08-01T14:21:30","date_gmt":"2008-08-01T14:21:30","guid":{"rendered":"http:\/\/diariodominicano.ddns.net\/?p=92519"},"modified":"2008-08-01T14:21:30","modified_gmt":"2008-08-01T14:21:30","slug":"revista-portada-de-luxe-presenta-edicion-especial-de-los-padres","status":"publish","type":"post","link":"https:\/\/diariodominicano.com\/?p=92519","title":{"rendered":"Revista \u201cPortada de Luxe\u201d presenta edici\u00f3n especial de los padres"},"content":{"rendered":"<p><body><\/p>\n<p align=\"center\" class=\"titulogrande1\"><strong>Revista \u201cPortada de Luxe\u201d presenta edici\u00f3n  especial de los padres<\/strong><\/p>\n<p>&#13;<\/p>\n<p align=\"justify\" class=\"text1noticias\"><strong><img loading=\"lazy\" decoding=\"async\" src=\"http:\/\/localhost:8080\/gente\/img\/revista luxe.jpg\" width=\"375\" height=\"492\" hspace=\"4\" align=\"left\" \/><\/strong>Tu  programa de las exclusivas, \u201cNoche de Luz\u201d, lleg\u00f3 a la conclusi\u00f3n de su reality  show <strong>\u201cNoche de Luz te pone Papacito\u201d<\/strong>,  donde los padres finalistas debieron atravesar por tres pruebas o retos,  resultando ganador H\u00e9ctor Ram\u00f3n Santana Pascual de 62 a\u00f1os, m\u00e9dico de profesi\u00f3n.<\/p>\n<p>&#13;<\/p>\n<p align=\"justify\" class=\"text1noticias\">La  din\u00e1mica de entrada al concurso fue muy f\u00e1cil, ya que s\u00f3lo hab\u00eda que llamar o  inscribirse v\u00eda mail, ofreciendo los datos generales del padre; cuyo \u00fanico requisito para participar era que fuese  mayor de 40 a\u00f1os.<\/p>\n<p>&#13;<\/p>\n<p align=\"justify\" class=\"text1noticias\">De  las solicitudes recibidas se seleccionaron los dos padres que competieron por  el gran premio final \u2013H\u00e9ctor Ram\u00f3n Santana Pascual\u00a0 de 62 a\u00f1os y M\u00e1ximo Antonio Peguero de 64 a\u00f1os-  quieres realizaron tres grandes retos.<\/p>\n<p>&#13;<\/p>\n<p align=\"justify\" class=\"text1noticias\">La  primera prueba consisti\u00f3 en la realizaci\u00f3n de un deporte extremo, asistido por  un profesional en el \u00e1rea; la segunda fue un reto de resistencia en el gimnasio  Gold\u2019s Gym, y la tercera, una prueba de baile.<\/p>\n<p>&#13;<\/p>\n<p align=\"justify\" class=\"text1noticias\">En  las dos primeras result\u00f3 vencedor nuestro \u201cpapacito\u201d de portada; mientras que  la tercera el triunfador fue M\u00e1ximo Peguero.<\/p>\n<p>&#13;<\/p>\n<p align=\"justify\" class=\"text1noticias\">Dentro  de los premios que recibi\u00f3 el ganador se encuentra un cambio total de imagen,  adem\u00e1s de ser la rostro de la portada de la revista De Luxe, entre otros  premios.<\/p>\n<p>&#13;<\/p>\n<p align=\"justify\" class=\"text1noticias\">Luz  Garc\u00eda, conductora del espacio sabatino, agradeci\u00f3 la fidelidad de los  televidentes que hicieron realidad con sus llamadas la ejecuci\u00f3n de reality;  as\u00ed como a los patrocinadores que son quienes hacen posible la realizaci\u00f3n de todos  los eventos que por espacio de cuatro a\u00f1os viene realizando el programa \u201cNoche  de Luz\u201d.<\/p>\n<p>&#13;<\/p>\n<h6> 2008-08-01 14:21:30 <\/h6>\n<p><!--\n<link rel=\"stylesheet\" href=\"css\/bootstrap.min.css\">\n\n\n<ul class=\"pagination\">\n\t    \n\t\n\n<li >\n\t<a href='?page_no=21140'>Previous<\/a>\n\t<\/li>\n\n\n       \n    \n\n<li><a href='?page_no=1'>1<\/a><\/li>\n\n\n\n<li><a href='?page_no=2'>2<\/a><\/li>\n\n\n\n<li><a>...<\/a><\/li>\n\n\n\n<li><a href='?page_no=21139'>21139<\/a><\/li>\n\n\n\n<li><a href='?page_no=21140'>21140<\/a><\/li>\n\n\n\n<li class='active'><a>21141<\/a><\/li>\n\n\n\n<li><a href='?page_no=21142'>21142<\/a><\/li>\n\n\n\n<li><a href='?page_no=21143'>21143<\/a><\/li>\n\n\n\n<li><a>...<\/a><\/li>\n\n\n\n<li><a href='?page_no=22522'>22522<\/a><\/li>\n\n\n\n<li><a href='?page_no=22523'>22523<\/a><\/li>\n\n    \n\t\n\n<li >\n\t<a href='?page_no=21142'>Next<\/a>\n\t<\/li>\n\n\n    \n\n<li><a href='?page_no=22523'>Last &rsaquo;&rsaquo;<\/a><\/li>\n\n<\/ul>\n\n\n--><br \/>\n<\/body><\/p>\n","protected":false},"excerpt":{"rendered":"<p>Revista \u201cPortada de Luxe\u201d presenta edici\u00f3n especial de los padres &#13; Tu programa de las exclusivas, \u201cNoche de Luz\u201d, lleg\u00f3 a la conclusi\u00f3n de su reality show \u201cNoche de Luz te pone Papacito\u201d, donde los padres finalistas debieron atravesar por tres pruebas o retos, resultando ganador H\u00e9ctor Ram\u00f3n Santana Pascual de 62 a\u00f1os, m\u00e9dico de [&hellip;]<\/p>\n","protected":false},"author":3,"featured_media":0,"comment_status":"open","ping_status":"open","sticky":false,"template":"","format":"standard","meta":{"footnotes":""},"categories":[25],"tags":[],"class_list":["post-92519","post","type-post","status-publish","format-standard","hentry","category-gente"],"_links":{"self":[{"href":"https:\/\/diariodominicano.com\/index.php?rest_route=\/wp\/v2\/posts\/92519","targetHints":{"allow":["GET"]}}],"collection":[{"href":"https:\/\/diariodominicano.com\/index.php?rest_route=\/wp\/v2\/posts"}],"about":[{"href":"https:\/\/diariodominicano.com\/index.php?rest_route=\/wp\/v2\/types\/post"}],"author":[{"embeddable":true,"href":"https:\/\/diariodominicano.com\/index.php?rest_route=\/wp\/v2\/users\/3"}],"replies":[{"embeddable":true,"href":"https:\/\/diariodominicano.com\/index.php?rest_route=%2Fwp%2Fv2%2Fcomments&post=92519"}],"version-history":[{"count":0,"href":"https:\/\/diariodominicano.com\/index.php?rest_route=\/wp\/v2\/posts\/92519\/revisions"}],"wp:attachment":[{"href":"https:\/\/diariodominicano.com\/index.php?rest_route=%2Fwp%2Fv2%2Fmedia&parent=92519"}],"wp:term":[{"taxonomy":"category","embeddable":true,"href":"https:\/\/diariodominicano.com\/index.php?rest_route=%2Fwp%2Fv2%2Fcategories&post=92519"},{"taxonomy":"post_tag","embeddable":true,"href":"https:\/\/diariodominicano.com\/index.php?rest_route=%2Fwp%2Fv2%2Ftags&post=92519"}],"curies":[{"name":"wp","href":"https:\/\/api.w.org\/{rel}","templated":true}]}}