{"id":92518,"date":"2008-08-01T14:28:25","date_gmt":"2008-08-01T14:28:25","guid":{"rendered":"http:\/\/diariodominicano.ddns.net\/?p=92518"},"modified":"2008-08-01T14:28:25","modified_gmt":"2008-08-01T14:28:25","slug":"el-torito-sale-del-megaconcierto-por-presencia-de-eddy-y-rubby-afirma-medrano","status":"publish","type":"post","link":"https:\/\/diariodominicano.com\/?p=92518","title":{"rendered":"El Torito sale del \u00abMegaconcierto\u00bb por presencia de Eddy y Rubby, afirma Medrano"},"content":{"rendered":"<p><body><\/p>\n<p align=\"justify\" class=\"titulogrande1\"><strong>El  Torito sale del \u00abMegaconcierto\u00bb por presencia de Eddy y Rubby, afirma  Medrano<\/strong><\/p>\n<p>&#13;<\/p>\n<p align=\"justify\" class=\"text1noticias\">Como para poner el asunto en una real situaci\u00f3n de  rivalidad, H\u00e9ctor Acosta \u201cEl Torito\u201d decidi\u00f3 no participar en el \u201cMegaconcierto  del verano\u201d que se presentar\u00e1 el pr\u00f3ximo 9 de agosto al pie del Monumento a los  H\u00e9roes de la Restauraci\u00f3n,  en Santiago.<br \/>&#13;<br \/>\n  <br \/>&#13;<br \/>\n  La promoci\u00f3n del evento vend\u00eda un \u201cmatch\u201d entre El Torito  y Eddy Herrera con quien hace poco protagonizo una controversia publica por  este ultimo haber cancelado su actuaci\u00f3n en un concierto de boleros que promov\u00eda  el primero, precisamente en esa ciudad cibae\u00f1a.<br \/>&#13;<br \/>\n  <br \/>&#13;<br \/>\n  Esto al parecer, en adici\u00f3n a la presentaci\u00f3n \u00a0adem\u00e1s de su eterno \u201carchi-rival\u201d \u00a0Rubby Perez, quien se sum\u00f3 a la cartelera  musical, podr\u00eda haber motivado la deserci\u00f3n de \u201cEl Torito\u201d de este show que  produce Luis Medrano en combinaci\u00f3n con la Cervecer\u00eda Nacional Dominicana a  nombre de \u00a0su campa\u00f1a \u201cVerano  Presidente\u201d.<br \/>&#13;<br \/>\n  <br \/>&#13;<br \/>\n  Y es que el tambi\u00e9n denominado como el \u201cUrban Music  Fest\u201d, promueve un duelo musical entre varias parejas de artistas que subir\u00e1n a  escena en este evento que ser\u00e1 de acceso abierto, es decir completamente  gratis.<br \/>&#13;<br \/>\n  <br \/>&#13;<br \/>\n  Adem\u00e1s de Herrera y P\u00e9rez, el men\u00fa art\u00edstico lo integran sus  colegas merengueros To\u00f1o Rosario, Juli\u00e1n, Kinito M\u00e9ndez, Silvio Mora, Kiko \u201cEl  presidente\u201d, Krisspy as\u00ed como los salseros Michell y Sexappeal.<\/p>\n<p>&#13;<\/p>\n<h6> 2008-08-01 14:28:25 <\/h6>\n<p><!--\n<link rel=\"stylesheet\" href=\"css\/bootstrap.min.css\">\n\n\n<ul class=\"pagination\">\n\t    \n\t\n\n<li >\n\t<a href='?page_no=21139'>Previous<\/a>\n\t<\/li>\n\n\n       \n    \n\n<li><a href='?page_no=1'>1<\/a><\/li>\n\n\n\n<li><a href='?page_no=2'>2<\/a><\/li>\n\n\n\n<li><a>...<\/a><\/li>\n\n\n\n<li><a href='?page_no=21138'>21138<\/a><\/li>\n\n\n\n<li><a href='?page_no=21139'>21139<\/a><\/li>\n\n\n\n<li class='active'><a>21140<\/a><\/li>\n\n\n\n<li><a href='?page_no=21141'>21141<\/a><\/li>\n\n\n\n<li><a href='?page_no=21142'>21142<\/a><\/li>\n\n\n\n<li><a>...<\/a><\/li>\n\n\n\n<li><a href='?page_no=22522'>22522<\/a><\/li>\n\n\n\n<li><a href='?page_no=22523'>22523<\/a><\/li>\n\n    \n\t\n\n<li >\n\t<a href='?page_no=21141'>Next<\/a>\n\t<\/li>\n\n\n    \n\n<li><a href='?page_no=22523'>Last &rsaquo;&rsaquo;<\/a><\/li>\n\n<\/ul>\n\n\n--><br \/>\n<\/body><\/p>\n","protected":false},"excerpt":{"rendered":"<p>El Torito sale del \u00abMegaconcierto\u00bb por presencia de Eddy y Rubby, afirma Medrano &#13; Como para poner el asunto en una real situaci\u00f3n de rivalidad, H\u00e9ctor Acosta \u201cEl Torito\u201d decidi\u00f3 no participar en el \u201cMegaconcierto del verano\u201d que se presentar\u00e1 el pr\u00f3ximo 9 de agosto al pie del Monumento a los H\u00e9roes de la Restauraci\u00f3n, [&hellip;]<\/p>\n","protected":false},"author":3,"featured_media":0,"comment_status":"open","ping_status":"open","sticky":false,"template":"","format":"standard","meta":{"footnotes":""},"categories":[25],"tags":[],"class_list":["post-92518","post","type-post","status-publish","format-standard","hentry","category-gente"],"_links":{"self":[{"href":"https:\/\/diariodominicano.com\/index.php?rest_route=\/wp\/v2\/posts\/92518","targetHints":{"allow":["GET"]}}],"collection":[{"href":"https:\/\/diariodominicano.com\/index.php?rest_route=\/wp\/v2\/posts"}],"about":[{"href":"https:\/\/diariodominicano.com\/index.php?rest_route=\/wp\/v2\/types\/post"}],"author":[{"embeddable":true,"href":"https:\/\/diariodominicano.com\/index.php?rest_route=\/wp\/v2\/users\/3"}],"replies":[{"embeddable":true,"href":"https:\/\/diariodominicano.com\/index.php?rest_route=%2Fwp%2Fv2%2Fcomments&post=92518"}],"version-history":[{"count":0,"href":"https:\/\/diariodominicano.com\/index.php?rest_route=\/wp\/v2\/posts\/92518\/revisions"}],"wp:attachment":[{"href":"https:\/\/diariodominicano.com\/index.php?rest_route=%2Fwp%2Fv2%2Fmedia&parent=92518"}],"wp:term":[{"taxonomy":"category","embeddable":true,"href":"https:\/\/diariodominicano.com\/index.php?rest_route=%2Fwp%2Fv2%2Fcategories&post=92518"},{"taxonomy":"post_tag","embeddable":true,"href":"https:\/\/diariodominicano.com\/index.php?rest_route=%2Fwp%2Fv2%2Ftags&post=92518"}],"curies":[{"name":"wp","href":"https:\/\/api.w.org\/{rel}","templated":true}]}}