{"id":92517,"date":"2008-08-01T19:29:09","date_gmt":"2008-08-01T19:29:09","guid":{"rendered":"http:\/\/diariodominicano.ddns.net\/?p=92517"},"modified":"2008-08-01T19:29:09","modified_gmt":"2008-08-01T19:29:09","slug":"dedican-desfile-nacional-dominicano-al-empresario-carlos-gomez-esperan-asistan-mas-de-3-millones-de-personas","status":"publish","type":"post","link":"https:\/\/diariodominicano.com\/?p=92517","title":{"rendered":"Dedican Desfile Nacional Dominicano al empresario Carlos G\u00f3mez, esperan asistan m\u00e1s de 3 millones de personas"},"content":{"rendered":"<p><body><\/p>\n<p align=\"justify\"><span class=\"titulogrande1\"><strong>Dedican Desfile Nacional Dominicano al  empresario Carlos G\u00f3mez, esperan\u00a0 asistan\u00a0 m\u00e1s de 3 millones de  personas<\/strong><\/span><strong><br \/>&#13;<br \/>\n<\/strong><br \/>&#13;<br \/>\n  <span class=\"text1noticias\"><strong><img loading=\"lazy\" decoding=\"async\" src=\"http:\/\/localhost:8080\/gente\/img\/embajador voluntad.jpg\" width=\"375\" height=\"249\" hspace=\"4\" align=\"left\" \/>New York.-<\/strong> El presidente del Desfile Nacional  Dominicano del Estado de New York, Nelson Pe\u00f1a, anuncio hoy que todo esta listo  para vestir de alegr\u00eda y colores la avenida de Las Am\u00e9rica en la celebraci\u00f3n  del 145 Aniversario de la   Restauraci\u00f3n de la Republica Dominicana,  con\u00a0 el Gran Desfile Nacional Dominicano en su 27 edici\u00f3n, el cual estar\u00e1  dedicado al destacado empresario dominicano Carlos G\u00f3mez, por el gran aporte  hecho por este a la comunidad en el exterior y a nuestra Republica Dominicana.<br \/>&#13;<br \/>\n  <br \/>&#13;<br \/>\n  Dijo Pe\u00f1a que este a\u00f1o a solicitado al  comisionado de la polic\u00eda de New York Raymond W<strong>. <\/strong>Kelly, redoblar la  cantidad de agentes policiales que resguardan el Desfile, ya que se espera una  asistencia de mas de 3 millones de personas de diferentes nacionalidades a este  evento.\u00a0<br \/>&#13;<br \/>\n  <br \/>&#13;<br \/>\n\u201cLas agencias de tours operadores de los  diferentes Estado de la   Uni\u00f3n Americana se han mantenido en comunicaci\u00f3n con  nosotros, para informarse de c\u00f3mo avanzan los preparativos del Desfile  Nacional, pues desde ya tienen vendido todos los asientos disponibles en los  Buses y los vuelos locales, a si mismo los hoteles de la ciudad de New York  tienen todas las habitaciones ocupada, y se esperan vuelos charter de Europa,  Centro y Sur Am\u00e9rica durante la fecha del Desfile Nacional Dominicano\u201d.\u00a0<br \/>&#13;<br \/>\n<br \/>&#13;<br \/>\nNelson Pe\u00f1a manifest\u00f3 que el Desfile es para  dar a conocer nuestra cultura e identidad como pa\u00eds, pero que\u00a0 tambi\u00e9n  genera miles de millones de d\u00f3lares a la econom\u00eda del Estado de New York, pues  este se ha convertido en una de las atracciones tur\u00edsticas de Verano en esta  ciudad,\u00a0 por que\u00a0 hemos recibido todo el apoyo de las autoridades del  Estado, y de la polic\u00eda de la ciudad de New York a los cuales agradecemos el  orden mantenido durante el\u00a0 tiempo que hemos venidos realizando esta  parada.\u00a0<br \/>&#13;<br \/>\n<br \/>&#13;<br \/>\nEl Desfile Nacional Dominicano, ha adquirido  la categor\u00eda a nivel de los Desfiles y Festivales Brasile\u00f1o, por la muy buena  organizaci\u00f3n del evento, dise\u00f1os de las carrozas, las vestimentas de las  comparsas y grupos culturales, los conjuntos musicales que participan, y sobre  todo por la asistencias de ciudadanos de las diferentes nacionalidades que se  dan cita a disfrutar de la majestuosidad y bellaza del mismo,\u00a0 convirti\u00e9ndolo  en una tradici\u00f3n en los Estados Unidos, adhiri\u00f3 Nelson Pe\u00f1a.\u00a0<br \/>&#13;<br \/>\n<br \/>&#13;<br \/>\nDiferentes medios de comunicaci\u00f3n televisivo,  como Telemicro Internacional, S\u00faper Canal Caribe, NBC, y otros canales  norteamericano transmitir\u00e1n en vivo todo el recorrido del Desfile Nacional  Dominicano del Estado de New York, que inicia a la 12 del medio d\u00eda del 10 de  Agosto en la calle 36 hasta la calle 59 de las (6ta) Avenida de Las Am\u00e9rica en  Midtown Manhattan de la ciudad de New York.<\/span><\/p>\n<p>&#13;<\/p>\n<h6> 2008-08-01 19:29:09 <\/h6>\n<p><!--\n<link rel=\"stylesheet\" href=\"css\/bootstrap.min.css\">\n\n\n<ul class=\"pagination\">\n\t    \n\t\n\n<li >\n\t<a href='?page_no=21138'>Previous<\/a>\n\t<\/li>\n\n\n       \n    \n\n<li><a href='?page_no=1'>1<\/a><\/li>\n\n\n\n<li><a href='?page_no=2'>2<\/a><\/li>\n\n\n\n<li><a>...<\/a><\/li>\n\n\n\n<li><a href='?page_no=21137'>21137<\/a><\/li>\n\n\n\n<li><a href='?page_no=21138'>21138<\/a><\/li>\n\n\n\n<li class='active'><a>21139<\/a><\/li>\n\n\n\n<li><a href='?page_no=21140'>21140<\/a><\/li>\n\n\n\n<li><a href='?page_no=21141'>21141<\/a><\/li>\n\n\n\n<li><a>...<\/a><\/li>\n\n\n\n<li><a href='?page_no=22522'>22522<\/a><\/li>\n\n\n\n<li><a href='?page_no=22523'>22523<\/a><\/li>\n\n    \n\t\n\n<li >\n\t<a href='?page_no=21140'>Next<\/a>\n\t<\/li>\n\n\n    \n\n<li><a href='?page_no=22523'>Last &rsaquo;&rsaquo;<\/a><\/li>\n\n<\/ul>\n\n\n--><br \/>\n<\/body><\/p>\n","protected":false},"excerpt":{"rendered":"<p>Dedican Desfile Nacional Dominicano al empresario Carlos G\u00f3mez, esperan\u00a0 asistan\u00a0 m\u00e1s de 3 millones de personas&#13; &#13; New York.- El presidente del Desfile Nacional Dominicano del Estado de New York, Nelson Pe\u00f1a, anuncio hoy que todo esta listo para vestir de alegr\u00eda y colores la avenida de Las Am\u00e9rica en la celebraci\u00f3n del 145 Aniversario [&hellip;]<\/p>\n","protected":false},"author":3,"featured_media":0,"comment_status":"open","ping_status":"open","sticky":false,"template":"","format":"standard","meta":{"footnotes":""},"categories":[25],"tags":[],"class_list":["post-92517","post","type-post","status-publish","format-standard","hentry","category-gente"],"_links":{"self":[{"href":"https:\/\/diariodominicano.com\/index.php?rest_route=\/wp\/v2\/posts\/92517","targetHints":{"allow":["GET"]}}],"collection":[{"href":"https:\/\/diariodominicano.com\/index.php?rest_route=\/wp\/v2\/posts"}],"about":[{"href":"https:\/\/diariodominicano.com\/index.php?rest_route=\/wp\/v2\/types\/post"}],"author":[{"embeddable":true,"href":"https:\/\/diariodominicano.com\/index.php?rest_route=\/wp\/v2\/users\/3"}],"replies":[{"embeddable":true,"href":"https:\/\/diariodominicano.com\/index.php?rest_route=%2Fwp%2Fv2%2Fcomments&post=92517"}],"version-history":[{"count":0,"href":"https:\/\/diariodominicano.com\/index.php?rest_route=\/wp\/v2\/posts\/92517\/revisions"}],"wp:attachment":[{"href":"https:\/\/diariodominicano.com\/index.php?rest_route=%2Fwp%2Fv2%2Fmedia&parent=92517"}],"wp:term":[{"taxonomy":"category","embeddable":true,"href":"https:\/\/diariodominicano.com\/index.php?rest_route=%2Fwp%2Fv2%2Fcategories&post=92517"},{"taxonomy":"post_tag","embeddable":true,"href":"https:\/\/diariodominicano.com\/index.php?rest_route=%2Fwp%2Fv2%2Ftags&post=92517"}],"curies":[{"name":"wp","href":"https:\/\/api.w.org\/{rel}","templated":true}]}}