{"id":92514,"date":"2008-08-05T18:59:12","date_gmt":"2008-08-05T18:59:12","guid":{"rendered":"http:\/\/diariodominicano.ddns.net\/?p=92514"},"modified":"2008-08-05T18:59:12","modified_gmt":"2008-08-05T18:59:12","slug":"cronistas-de-arte-celebran-dia-del-padre-en-santiago","status":"publish","type":"post","link":"https:\/\/diariodominicano.com\/?p=92514","title":{"rendered":"Cronistas de arte celebran D\u00eda del Padre en Santiago"},"content":{"rendered":"<p><body><\/p>\n<p align=\"center\" class=\"titulogrande1\"><strong>Cronistas de arte  celebran D\u00eda del Padre en Santiago<\/strong><\/p>\n<p>&#13;<\/p>\n<p align=\"justify\" class=\"text1noticias\"><strong><img loading=\"lazy\" decoding=\"async\" src=\"http:\/\/localhost:8080\/gente\/img\/acroar.jpg\" width=\"375\" height=\"1022\" hspace=\"4\" align=\"left\" \/>SANTIAGO.- <\/strong>Con un encuentro  caracterizado por la hermandad y el calor humano, la Asociaci\u00f3n de Cronistas de  Arte celebr\u00f3 el D\u00eda de los Padres en medio de una fiesta realizada en la  Hacienda Almonte, en Santiago.<\/p>\n<p>&#13;<\/p>\n<p align=\"justify\" class=\"text1noticias\">La actividad,  organizada por la filial de Acroarte en Santiago, con la presencia del monse\u00f1or  Ram\u00f3n Benito de la Rosa y Carpio, quien bendijo el la actividad; el gobernador  Jos\u00e9 A. Izquierdo y una gran parte de los cronistas de la Capital y sus  familiares.<\/p>\n<p>&#13;<\/p>\n<p align=\"justify\" class=\"text1noticias\">La amenizaci\u00f3n  musical estuvo a cargo de Krency Garc\u00eda, El Prodigio, uno de los merengueros  t\u00edpicos m\u00e1s depurados y populares del pa\u00eds.<\/p>\n<p>&#13;<\/p>\n<p align=\"justify\" class=\"text1noticias\">Durante la  actividad Monse\u00f1or Ram\u00f3n Benito de la Rosa y el gobernador de la ciudad, Jos\u00e9  A. Izquierdo, quienes dieron la bienvenida a los acroartistas de Santo Domingo  y otras ciudades. <br \/>&#13;<br \/>\n  <br \/>&#13;<br \/>\nAmbas autoridades resaltaron la calidez de la comunidad  cibae\u00f1a y alabaron el trabajo que realiza Acroarte fortaleciendo el arte y la  cultura nacional.<\/p>\n<p>&#13;<\/p>\n<p align=\"justify\" class=\"text1noticias\">Marivell Contreras,  presidenta de la instituci\u00f3n, felicit\u00f3 a los padres que ciertamente dignifican  el rol de progenitores y Cipriano Mart\u00ednez, titular de la seccional de  Santiago, invit\u00f3 al p\u00fablico a disfrutar el festejo.<\/p>\n<p>&#13;<\/p>\n<p align=\"justify\" class=\"text1noticias\">El Prodigio ofrend\u00f3  un derroche de mezclas tan admirable que varios acroartistas subieron a tarima  para elogiarle, ocasi\u00f3n aprovechada por el corista de la banda Aris Jackson que  bail\u00f3 \u00abelectrobuggy\u00bb y el saxofonista apodado Minimanbo, demostr\u00f3  cu\u00e1nto ha domado el instrumento de viento.<\/p>\n<p>&#13;<\/p>\n<p align=\"justify\" class=\"text1noticias\">La comunidad acroartista  de Santiago fue halagada por su rol de anfitriona. Antes de corretear por la  Hacienda Almonte, chapalear en la piscina, jugar domin\u00f3 y bailar hasta el  atardecer, el grupo de visitantes fue guiado hasta la c\u00faspide del Monumento a  los H\u00e9roes de la Restauraci\u00f3n. <\/p>\n<p>&#13;<\/p>\n<p align=\"justify\" class=\"text1noticias\">Tony Saint-Hilaire,  gobernador del s\u00edmbolo de la ciudad, organiz\u00f3 una visita asistida por Arelis  Albino de relaciones p\u00fablicas. As\u00ed, cronistas y sus familiares apreciaron las  maquetas que reflejan episodios de la Restauraci\u00f3n de la Rep\u00fablica, hasta  culminar en el quinto nivel desde donde admiraron los puentes, campanarios, la  Torre del reloj y otros puntos de inter\u00e9s del entorno hist\u00f3rico de la Ciudad  Coraz\u00f3n. En la memoria se quedaron los trazos originales del espa\u00f1ol Jos\u00e9 Vela  Zanetti, fiel reflejo de rasgos sociales, culturales y patri\u00f3ticos de este pa\u00eds  que le acogi\u00f3 en su exilio forzoso.<\/p>\n<p>&#13;<\/p>\n<p align=\"justify\" class=\"text1noticias\">Por primera vez, la  Asociaci\u00f3n de Cronistas de Arte (Acroarte), realiza una actividad en honor a  los padres Acroartistas, donde disfrutaron  un exquisito almuerzo coronado con rifas de dinero efectivo, computadora,  cuentas de ahorro, bonos de consumo, televisores, DVD,\u00a0 entre otros  productos.<\/p>\n<p>&#13;<\/p>\n<p align=\"justify\" class=\"text1noticias\">El equipo  organizador de la fiesta acroartista, trasladada este domingo al Cibao, la  integran: Yamira Taveras, Grisbel Medina, Cipriano Mart\u00ednez, Ricardo Rodr\u00edguez  Rosa, Fior D&#8217;Aliza Taveras y Dario Fern\u00e1ndez.<\/p>\n<p>&#13;<\/p>\n<p align=\"justify\" class=\"text1noticias\">Las empresas e  instituciones que apoyaron la fiesta fueron: La Gobernaci\u00f3n de Santiago,  Cervecer\u00eda Nacional Dominicana, Brugal &amp; Compa\u00f1\u00eda, Indotel, Edenorte,  Asociaci\u00f3n Cibao de Ahorros y Pr\u00e9stamos, La Fabril, Haime Thom\u00e1s &amp;  Asociados, Publimiscel, Arte Luz, Xiomara Fern\u00e1ndez del restaurant El Faro,  Direcci\u00f3n Provincial de Cultura, Monumento a los H\u00e9roes de la Restauraci\u00f3n, el  diputado M\u00e1ximo Castro Silverio, Alto Perfil Comunicaciones, Universidad  Abierta para Adultos, Nelson Javier Produce, Ustedes &amp; Nosotros, Auto Care  , Canal 55 y Super Alba.<\/p>\n<p>&#13;<\/p>\n<h6> 2008-08-05 18:59:12 <\/h6>\n<p><!--\n<link rel=\"stylesheet\" href=\"css\/bootstrap.min.css\">\n\n\n<ul class=\"pagination\">\n\t    \n\t\n\n<li >\n\t<a href='?page_no=21135'>Previous<\/a>\n\t<\/li>\n\n\n       \n    \n\n<li><a href='?page_no=1'>1<\/a><\/li>\n\n\n\n<li><a href='?page_no=2'>2<\/a><\/li>\n\n\n\n<li><a>...<\/a><\/li>\n\n\n\n<li><a href='?page_no=21134'>21134<\/a><\/li>\n\n\n\n<li><a href='?page_no=21135'>21135<\/a><\/li>\n\n\n\n<li class='active'><a>21136<\/a><\/li>\n\n\n\n<li><a href='?page_no=21137'>21137<\/a><\/li>\n\n\n\n<li><a href='?page_no=21138'>21138<\/a><\/li>\n\n\n\n<li><a>...<\/a><\/li>\n\n\n\n<li><a href='?page_no=22522'>22522<\/a><\/li>\n\n\n\n<li><a href='?page_no=22523'>22523<\/a><\/li>\n\n    \n\t\n\n<li >\n\t<a href='?page_no=21137'>Next<\/a>\n\t<\/li>\n\n\n    \n\n<li><a href='?page_no=22523'>Last &rsaquo;&rsaquo;<\/a><\/li>\n\n<\/ul>\n\n\n--><br \/>\n<\/body><\/p>\n","protected":false},"excerpt":{"rendered":"<p>Cronistas de arte celebran D\u00eda del Padre en Santiago &#13; SANTIAGO.- Con un encuentro caracterizado por la hermandad y el calor humano, la Asociaci\u00f3n de Cronistas de Arte celebr\u00f3 el D\u00eda de los Padres en medio de una fiesta realizada en la Hacienda Almonte, en Santiago. &#13; La actividad, organizada por la filial de Acroarte [&hellip;]<\/p>\n","protected":false},"author":3,"featured_media":0,"comment_status":"open","ping_status":"open","sticky":false,"template":"","format":"standard","meta":{"footnotes":""},"categories":[25],"tags":[],"class_list":["post-92514","post","type-post","status-publish","format-standard","hentry","category-gente"],"_links":{"self":[{"href":"https:\/\/diariodominicano.com\/index.php?rest_route=\/wp\/v2\/posts\/92514","targetHints":{"allow":["GET"]}}],"collection":[{"href":"https:\/\/diariodominicano.com\/index.php?rest_route=\/wp\/v2\/posts"}],"about":[{"href":"https:\/\/diariodominicano.com\/index.php?rest_route=\/wp\/v2\/types\/post"}],"author":[{"embeddable":true,"href":"https:\/\/diariodominicano.com\/index.php?rest_route=\/wp\/v2\/users\/3"}],"replies":[{"embeddable":true,"href":"https:\/\/diariodominicano.com\/index.php?rest_route=%2Fwp%2Fv2%2Fcomments&post=92514"}],"version-history":[{"count":0,"href":"https:\/\/diariodominicano.com\/index.php?rest_route=\/wp\/v2\/posts\/92514\/revisions"}],"wp:attachment":[{"href":"https:\/\/diariodominicano.com\/index.php?rest_route=%2Fwp%2Fv2%2Fmedia&parent=92514"}],"wp:term":[{"taxonomy":"category","embeddable":true,"href":"https:\/\/diariodominicano.com\/index.php?rest_route=%2Fwp%2Fv2%2Fcategories&post=92514"},{"taxonomy":"post_tag","embeddable":true,"href":"https:\/\/diariodominicano.com\/index.php?rest_route=%2Fwp%2Fv2%2Ftags&post=92514"}],"curies":[{"name":"wp","href":"https:\/\/api.w.org\/{rel}","templated":true}]}}