{"id":92513,"date":"2008-08-05T19:04:50","date_gmt":"2008-08-05T19:04:50","guid":{"rendered":"http:\/\/diariodominicano.ddns.net\/?p=92513"},"modified":"2008-08-05T19:04:50","modified_gmt":"2008-08-05T19:04:50","slug":"laura-bozzo-este-miercoles-en-chevere-nights","status":"publish","type":"post","link":"https:\/\/diariodominicano.com\/?p=92513","title":{"rendered":"Laura Bozzo este mi\u00e9rcoles en Ch\u00e9vere Nights"},"content":{"rendered":"<p><body><\/p>\n<p align=\"justify\"><span class=\"titulogrande1\">Laura Bozzo este mi\u00e9rcoles en  Ch\u00e9vere Nights<\/span><br \/>&#13;<br \/>\n  \u00a0<br \/>&#13;<br \/>\n  <span class=\"text1noticias\">La peruana tendr\u00e1 un  encuentro personal con \u00abLa   Diva\u00bb Milagros Germ\u00e1n<br \/>&#13;<br \/>\n  <strong>\u00a0<br \/>&#13;<br \/>\n  <img loading=\"lazy\" decoding=\"async\" src=\"http:\/\/localhost:8080\/gente\/img\/laura bozo.jpg\" width=\"375\" height=\"347\" hspace=\"4\" align=\"left\" \/>Santo Domingo.-<\/strong> La presentadora de televisi\u00f3n Laura Bozzo, estar\u00e1 este mi\u00e9rcoles  06 de agosto en el programa Ch\u00e9vere Nights con Milagros Germ\u00e1n, donde hablar\u00e1  de sus nuevos proyectos en el pa\u00eds.<br \/>&#13;<br \/>\n  \u00a0<br \/>&#13;<br \/>\n  El programa que se transmite  por Telesistema de diez a once de la noche, tendr\u00e1 a la presentadora de  \u00abLaura en Am\u00e9rica\u00bb y \u00abLaura en Acci\u00f3n\u00bb, a partir de las  diez y diez en un encuentro personal con la \u00abDiva\u00bb.<br \/>&#13;<br \/>\n  \u00a0<br \/>&#13;<br \/>\n  Bozzo quien llega este martes  en la noche a Rep\u00fablica Dominicana, tra\u00edda por la productora Promofilm,  pretende quedarse por espacio de 4 d\u00edas en Santo Domingo, tiempo en el que  estar\u00e1 trabajando la pre-producci\u00f3n de su nuevo proyecto.<br \/>&#13;<br \/>\n  \u00a0<br \/>&#13;<br \/>\n  La visita de Laura surge tras  su inter\u00e9s de hacer una propuesta desde la isla para toda Latinoam\u00e9rica pero en  espacial para la poblaci\u00f3n de dominicanos que residen en Estados Unidos.<br \/>&#13;<br \/>\n  \u00a0<br \/>&#13;<br \/>\n\u00abActualmente la  televisi\u00f3n dominicana est\u00e1 experimentando una acogida sin precedentes en la  Uni\u00f3n Americana y se debe especialmente a la llegada de canales como Televisi\u00f3n  Dominicana\u00bb, indica Estaban Martin, ejecutivo de Promofilm.<br \/>&#13;<br \/>\n  \u00a0<br \/>&#13;<br \/>\n\u00abEste tipo de se\u00f1ales  transmiten una programaci\u00f3n que compendian lo mejor de las producciones locales  y dentro de ese contexto podr\u00eda entrar Laura Bozzo si se dan las condiciones de  lugar\u00bb, agreg\u00f3 el productor ejecutivo del pasado reality \u00abQui\u00e9n Baila  Mejor?\u00bb.<br \/>&#13;<br \/>\n  \u00a0<br \/>&#13;<br \/>\n  Seg\u00fan trascendi\u00f3, la  presentadora suramericana har\u00eda 13 programas especiales desde aqu\u00ed bajo la  direcci\u00f3n y producci\u00f3n de Promofilm, compa\u00f1\u00eda que tambi\u00e9n le produjo su \u00faltimo  programa en el Per\u00fa.<br \/>&#13;<br \/>\n  \u00a0<br \/>&#13;<br \/>\nAunque Promofilm no ha  revelado cu\u00e1l canal tendr\u00eda la transmisi\u00f3n exclusiva de La Bozzo en el pa\u00eds o en el  exterior, es casi seguro que la peruana logre establecerse por un tiempo aqu\u00ed  para la producci\u00f3n que pretende llevar a cabo y que dentro de tres meses ha de  estar en el aire.<\/span><\/p>\n<p>&#13;<\/p>\n<h6> 2008-08-05 19:04:50 <\/h6>\n<p><!--\n<link rel=\"stylesheet\" href=\"css\/bootstrap.min.css\">\n\n\n<ul class=\"pagination\">\n\t    \n\t\n\n<li >\n\t<a href='?page_no=21134'>Previous<\/a>\n\t<\/li>\n\n\n       \n    \n\n<li><a href='?page_no=1'>1<\/a><\/li>\n\n\n\n<li><a href='?page_no=2'>2<\/a><\/li>\n\n\n\n<li><a>...<\/a><\/li>\n\n\n\n<li><a href='?page_no=21133'>21133<\/a><\/li>\n\n\n\n<li><a href='?page_no=21134'>21134<\/a><\/li>\n\n\n\n<li class='active'><a>21135<\/a><\/li>\n\n\n\n<li><a href='?page_no=21136'>21136<\/a><\/li>\n\n\n\n<li><a href='?page_no=21137'>21137<\/a><\/li>\n\n\n\n<li><a>...<\/a><\/li>\n\n\n\n<li><a href='?page_no=22522'>22522<\/a><\/li>\n\n\n\n<li><a href='?page_no=22523'>22523<\/a><\/li>\n\n    \n\t\n\n<li >\n\t<a href='?page_no=21136'>Next<\/a>\n\t<\/li>\n\n\n    \n\n<li><a href='?page_no=22523'>Last &rsaquo;&rsaquo;<\/a><\/li>\n\n<\/ul>\n\n\n--><br \/>\n<\/body><\/p>\n","protected":false},"excerpt":{"rendered":"<p>Laura Bozzo este mi\u00e9rcoles en Ch\u00e9vere Nights&#13; \u00a0&#13; La peruana tendr\u00e1 un encuentro personal con \u00abLa Diva\u00bb Milagros Germ\u00e1n&#13; \u00a0&#13; Santo Domingo.- La presentadora de televisi\u00f3n Laura Bozzo, estar\u00e1 este mi\u00e9rcoles 06 de agosto en el programa Ch\u00e9vere Nights con Milagros Germ\u00e1n, donde hablar\u00e1 de sus nuevos proyectos en el pa\u00eds.&#13; \u00a0&#13; El programa que [&hellip;]<\/p>\n","protected":false},"author":3,"featured_media":0,"comment_status":"open","ping_status":"open","sticky":false,"template":"","format":"standard","meta":{"footnotes":""},"categories":[25],"tags":[],"class_list":["post-92513","post","type-post","status-publish","format-standard","hentry","category-gente"],"_links":{"self":[{"href":"https:\/\/diariodominicano.com\/index.php?rest_route=\/wp\/v2\/posts\/92513","targetHints":{"allow":["GET"]}}],"collection":[{"href":"https:\/\/diariodominicano.com\/index.php?rest_route=\/wp\/v2\/posts"}],"about":[{"href":"https:\/\/diariodominicano.com\/index.php?rest_route=\/wp\/v2\/types\/post"}],"author":[{"embeddable":true,"href":"https:\/\/diariodominicano.com\/index.php?rest_route=\/wp\/v2\/users\/3"}],"replies":[{"embeddable":true,"href":"https:\/\/diariodominicano.com\/index.php?rest_route=%2Fwp%2Fv2%2Fcomments&post=92513"}],"version-history":[{"count":0,"href":"https:\/\/diariodominicano.com\/index.php?rest_route=\/wp\/v2\/posts\/92513\/revisions"}],"wp:attachment":[{"href":"https:\/\/diariodominicano.com\/index.php?rest_route=%2Fwp%2Fv2%2Fmedia&parent=92513"}],"wp:term":[{"taxonomy":"category","embeddable":true,"href":"https:\/\/diariodominicano.com\/index.php?rest_route=%2Fwp%2Fv2%2Fcategories&post=92513"},{"taxonomy":"post_tag","embeddable":true,"href":"https:\/\/diariodominicano.com\/index.php?rest_route=%2Fwp%2Fv2%2Ftags&post=92513"}],"curies":[{"name":"wp","href":"https:\/\/api.w.org\/{rel}","templated":true}]}}