{"id":92511,"date":"2008-08-05T19:38:39","date_gmt":"2008-08-05T19:38:39","guid":{"rendered":"http:\/\/diariodominicano.ddns.net\/?p=92511"},"modified":"2008-08-05T19:38:39","modified_gmt":"2008-08-05T19:38:39","slug":"la-pelicula-espanola-de-woody-allen-llega-a-los-angeles","status":"publish","type":"post","link":"https:\/\/diariodominicano.com\/?p=92511","title":{"rendered":"La \u00abpel\u00edcula espa\u00f1ola\u00bb de Woody Allen llega a Los \u00c1ngeles"},"content":{"rendered":"<p><body><\/p>\n<p align=\"justify\"><span class=\"titulogrande1\">La \u00abpel\u00edcula espa\u00f1ola\u00bb de Woody Allen llega a Los \u00c1ngeles <\/span><br \/>&#13;<br \/>\n  <br \/>&#13;<br \/>\n    <span class=\"text1noticias\">Vicky Cristina Barcelona es la cinta que el director  estadounidense\u00a0rod\u00f3 en el pa\u00eds europeo el a\u00f1o pasado y que cuenta con la  participaci\u00f3n de Scarlett Johanson, Pen\u00e9lope Cruz y Javier Bardem. <br \/>&#13;<br \/>\n    <br \/>&#13;<br \/>\nReuters <\/span><\/p>\n<p>&#13;<\/p>\n<p align=\"justify\" class=\"text1noticias\">Woody Allen junto a Javier Bardem, Pen\u00e9lope Cruz y Scarlett  Johanson. <br \/>&#13;<br \/>\n  <br \/>&#13;<br \/>\n    <img loading=\"lazy\" decoding=\"async\" src=\"http:\/\/localhost:8080\/gente\/img\/allen espana.jpg\" width=\"375\" height=\"270\" hspace=\"4\" align=\"left\" \/>Tras pasar por Cannes en mayo, Woody Allen present\u00f3 en Los  Angeles su \u00faltima pel\u00edcula, Vicky Cristina Barcelona, rodada en Espa\u00f1a y que  cuenta entre su protagonistas con Pen\u00e9lope Cruz, Javier Bardem y Scarlett  Johanson.<br \/>&#13;<br \/>\n  <br \/>&#13;<br \/>\n  A ellos se suman los actores Chris Messina y Rebecca Hall,  en una comedia sobre el viaje de dos turistas estadounidenses (Johansson y  Hall) a Barcelona, donde caer\u00e1n en los brazos de un artista local (Bardem),  mientras la temperamental ex pareja de \u00e9ste \u00faltimo (Cruz) completa el l\u00edo  amoroso.<br \/>&#13;<br \/>\n  <br \/>&#13;<br \/>\n  Todos ellos acompa\u00f1aron el lunes al director en el estreno  en Los \u00c1ngeles de la pel\u00edcula, que en mayo se present\u00f3 fuera de concurso en el  Festival de Cine de Cannes.<br \/>&#13;<br \/>\n  <br \/>&#13;<br \/>\n\u00abYa es bastante duro conseguir a una persona\u00bb,  explic\u00f3 entonces Allen. \u00abEn el cine, puedes hacerlo porque estoy tratando  con personajes (&#8230;) pero en la vida real, la mayor\u00eda de nosotros nunca podr\u00eda  manejar algo como eso\u00bb.<br \/>&#13;<br \/>\n<br \/>&#13;<br \/>\nUn elemento que cr\u00edticos y medios han coincido en se\u00f1alar es  lo subido de tono de la cinta, que Daily Variety describi\u00f3 como \u00abm\u00e1s  apasionada que el cine habitual (de Allen) por varios grados\u00bb.<br \/>&#13;<br \/>\n<br \/>&#13;<br \/>\n\u00abQuiero que la gente vea el romance, y quer\u00eda algunas  risas\u00bb, coment\u00f3 el director en mayo. \u00abQuer\u00eda ver a dos mujeres  j\u00f3venes que van a Barcelona (&#8230;) y las cosas gradualmente comienzan a  desintegrarse\u00bb, apunt\u00f3.<br \/>&#13;<br \/>\n<br \/>&#13;<br \/>\nLa cinta marc\u00f3 el reencuentro en el celuloide de Cruz y  Bardem, que ahora forman pareja, desde que Bigas Luna les dirigiera en\u00a0 la  cinta Jam\u00f3n Jam\u00f3n, de 1992.<\/p>\n<p>&#13;<\/p>\n<h6> 2008-08-05 19:38:39 <\/h6>\n<p><!--\n<link rel=\"stylesheet\" href=\"css\/bootstrap.min.css\">\n\n\n<ul class=\"pagination\">\n\t    \n\t\n\n<li >\n\t<a href='?page_no=21132'>Previous<\/a>\n\t<\/li>\n\n\n       \n    \n\n<li><a href='?page_no=1'>1<\/a><\/li>\n\n\n\n<li><a href='?page_no=2'>2<\/a><\/li>\n\n\n\n<li><a>...<\/a><\/li>\n\n\n\n<li><a href='?page_no=21131'>21131<\/a><\/li>\n\n\n\n<li><a href='?page_no=21132'>21132<\/a><\/li>\n\n\n\n<li class='active'><a>21133<\/a><\/li>\n\n\n\n<li><a href='?page_no=21134'>21134<\/a><\/li>\n\n\n\n<li><a href='?page_no=21135'>21135<\/a><\/li>\n\n\n\n<li><a>...<\/a><\/li>\n\n\n\n<li><a href='?page_no=22522'>22522<\/a><\/li>\n\n\n\n<li><a href='?page_no=22523'>22523<\/a><\/li>\n\n    \n\t\n\n<li >\n\t<a href='?page_no=21134'>Next<\/a>\n\t<\/li>\n\n\n    \n\n<li><a href='?page_no=22523'>Last &rsaquo;&rsaquo;<\/a><\/li>\n\n<\/ul>\n\n\n--><br \/>\n<\/body><\/p>\n","protected":false},"excerpt":{"rendered":"<p>La \u00abpel\u00edcula espa\u00f1ola\u00bb de Woody Allen llega a Los \u00c1ngeles &#13; &#13; Vicky Cristina Barcelona es la cinta que el director estadounidense\u00a0rod\u00f3 en el pa\u00eds europeo el a\u00f1o pasado y que cuenta con la participaci\u00f3n de Scarlett Johanson, Pen\u00e9lope Cruz y Javier Bardem. &#13; &#13; Reuters &#13; Woody Allen junto a Javier Bardem, Pen\u00e9lope Cruz [&hellip;]<\/p>\n","protected":false},"author":3,"featured_media":0,"comment_status":"open","ping_status":"open","sticky":false,"template":"","format":"standard","meta":{"footnotes":""},"categories":[25],"tags":[],"class_list":["post-92511","post","type-post","status-publish","format-standard","hentry","category-gente"],"_links":{"self":[{"href":"https:\/\/diariodominicano.com\/index.php?rest_route=\/wp\/v2\/posts\/92511","targetHints":{"allow":["GET"]}}],"collection":[{"href":"https:\/\/diariodominicano.com\/index.php?rest_route=\/wp\/v2\/posts"}],"about":[{"href":"https:\/\/diariodominicano.com\/index.php?rest_route=\/wp\/v2\/types\/post"}],"author":[{"embeddable":true,"href":"https:\/\/diariodominicano.com\/index.php?rest_route=\/wp\/v2\/users\/3"}],"replies":[{"embeddable":true,"href":"https:\/\/diariodominicano.com\/index.php?rest_route=%2Fwp%2Fv2%2Fcomments&post=92511"}],"version-history":[{"count":0,"href":"https:\/\/diariodominicano.com\/index.php?rest_route=\/wp\/v2\/posts\/92511\/revisions"}],"wp:attachment":[{"href":"https:\/\/diariodominicano.com\/index.php?rest_route=%2Fwp%2Fv2%2Fmedia&parent=92511"}],"wp:term":[{"taxonomy":"category","embeddable":true,"href":"https:\/\/diariodominicano.com\/index.php?rest_route=%2Fwp%2Fv2%2Fcategories&post=92511"},{"taxonomy":"post_tag","embeddable":true,"href":"https:\/\/diariodominicano.com\/index.php?rest_route=%2Fwp%2Fv2%2Ftags&post=92511"}],"curies":[{"name":"wp","href":"https:\/\/api.w.org\/{rel}","templated":true}]}}