{"id":92510,"date":"2008-08-05T22:24:52","date_gmt":"2008-08-05T22:24:52","guid":{"rendered":"http:\/\/diariodominicano.ddns.net\/?p=92510"},"modified":"2008-08-05T22:24:52","modified_gmt":"2008-08-05T22:24:52","slug":"marcos-witt-busca-difundir-la-fe-con-cantos-de-alabanza-ay-adoracion","status":"publish","type":"post","link":"https:\/\/diariodominicano.com\/?p=92510","title":{"rendered":"Marcos Witt busca difundir la fe, con cantos de alabanza ay adoraci\u00f3n"},"content":{"rendered":"<p><body><\/p>\n<p class=\"titulogrande1\">Marcos  Witt busca difundir la fe, con cantos de alabanza ay adoraci\u00f3n<\/p>\n<p>&#13;<\/p>\n<p align=\"justify\" class=\"text1noticias\"><strong><img loading=\"lazy\" decoding=\"async\" src=\"http:\/\/localhost:8080\/gente\/img\/sobrenatural.jpg\" width=\"375\" height=\"263\" hspace=\"4\" align=\"left\" \/>Miami, FL.-<\/strong> Marcos Witt tiene  un claro prop\u00f3sito: expandir la fe a trav\u00e9s de sus cantos de alabanza y  adoraci\u00f3n. Con esa propuesta llega a Miami el pr\u00f3ximo 29 de agosto como parte  de su gira \u201cSobrenatural\u201d.<br \/>&#13;<br \/>\n  \u00a0<br \/>&#13;<br \/>\n  \u201cSobrenatural\u201d tambi\u00e9n es el  nombre de su nuevo disco grabado en vivo en el parque Sim\u00f3n Bol\u00edvar de la  capital colombiana el pasado mes de mayo: una de las grabaciones de mayor  magnitud en la carrera del cantautor cristiano. A trav\u00e9s del pop, la balada, el  rock y algunas fusiones del folclor latinoamericano, las canciones pretenden  resaltar el aspecto sobrenatural de Dios a trav\u00e9s de la manifestaci\u00f3n de su  poder por medio de milagros, sanidades, se\u00f1ales, maravillas y prodigios, los cuales  acontecen cuando hay un pueblo que cree.<br \/>&#13;<br \/>\n  \u00a0<br \/>&#13;<br \/>\n  El artista, nacido en Estados  Unidos, pero criado con su familia en la ciudad de Durango, M\u00e9xico, es una de  las m\u00e1ximas referencias del mensaje cristiano tanto en Latinoam\u00e9rica como para  los fieles hispanos en Estados Unidos desde la Iglesia Lakewood  con el pastor Joel Osteen.<br \/>&#13;<br \/>\n  \u00a0<br \/>&#13;<br \/>\n  La fiesta y celebraci\u00f3n de  \u201cSobrenatural\u201d se realizar\u00e1 en Miami el pr\u00f3ximo 29 de agosto, desde las 8:00  p.m., en el Bank United Center de la Universidad de Miami. Las entradas ya est\u00e1n a la  venta en las boleter\u00edas del recinto; en www.ticketmaster.com o llamando al  305.358.5885.<br \/>&#13;<br \/>\n  \u00a0<br \/>&#13;<br \/>\n  Adem\u00e1s las boletas de entrada  se pueden adquirir en las librer\u00edas de Luciano\u00b4s Books, en LeJeune con el  tel\u00e9fono 305.769.3103 y en Hialeah al n\u00famero 305.231.9090. Tambi\u00e9n en La Nueva, ubicada en el 19620  Pines Blvd., Suite #114, de Pembroke Pines, FL 33029. Tel\u00e9fono 954.438.8830.<\/p>\n<p>&#13;<\/p>\n<h6> 2008-08-05 22:24:52 <\/h6>\n<p><!--\n<link rel=\"stylesheet\" href=\"css\/bootstrap.min.css\">\n\n\n<ul class=\"pagination\">\n\t    \n\t\n\n<li >\n\t<a href='?page_no=21131'>Previous<\/a>\n\t<\/li>\n\n\n       \n    \n\n<li><a href='?page_no=1'>1<\/a><\/li>\n\n\n\n<li><a href='?page_no=2'>2<\/a><\/li>\n\n\n\n<li><a>...<\/a><\/li>\n\n\n\n<li><a href='?page_no=21130'>21130<\/a><\/li>\n\n\n\n<li><a href='?page_no=21131'>21131<\/a><\/li>\n\n\n\n<li class='active'><a>21132<\/a><\/li>\n\n\n\n<li><a href='?page_no=21133'>21133<\/a><\/li>\n\n\n\n<li><a href='?page_no=21134'>21134<\/a><\/li>\n\n\n\n<li><a>...<\/a><\/li>\n\n\n\n<li><a href='?page_no=22522'>22522<\/a><\/li>\n\n\n\n<li><a href='?page_no=22523'>22523<\/a><\/li>\n\n    \n\t\n\n<li >\n\t<a href='?page_no=21133'>Next<\/a>\n\t<\/li>\n\n\n    \n\n<li><a href='?page_no=22523'>Last &rsaquo;&rsaquo;<\/a><\/li>\n\n<\/ul>\n\n\n--><br \/>\n<\/body><\/p>\n","protected":false},"excerpt":{"rendered":"<p>Marcos Witt busca difundir la fe, con cantos de alabanza ay adoraci\u00f3n &#13; Miami, FL.- Marcos Witt tiene un claro prop\u00f3sito: expandir la fe a trav\u00e9s de sus cantos de alabanza y adoraci\u00f3n. Con esa propuesta llega a Miami el pr\u00f3ximo 29 de agosto como parte de su gira \u201cSobrenatural\u201d.&#13; \u00a0&#13; \u201cSobrenatural\u201d tambi\u00e9n es el [&hellip;]<\/p>\n","protected":false},"author":3,"featured_media":0,"comment_status":"open","ping_status":"open","sticky":false,"template":"","format":"standard","meta":{"footnotes":""},"categories":[25],"tags":[],"class_list":["post-92510","post","type-post","status-publish","format-standard","hentry","category-gente"],"_links":{"self":[{"href":"https:\/\/diariodominicano.com\/index.php?rest_route=\/wp\/v2\/posts\/92510","targetHints":{"allow":["GET"]}}],"collection":[{"href":"https:\/\/diariodominicano.com\/index.php?rest_route=\/wp\/v2\/posts"}],"about":[{"href":"https:\/\/diariodominicano.com\/index.php?rest_route=\/wp\/v2\/types\/post"}],"author":[{"embeddable":true,"href":"https:\/\/diariodominicano.com\/index.php?rest_route=\/wp\/v2\/users\/3"}],"replies":[{"embeddable":true,"href":"https:\/\/diariodominicano.com\/index.php?rest_route=%2Fwp%2Fv2%2Fcomments&post=92510"}],"version-history":[{"count":0,"href":"https:\/\/diariodominicano.com\/index.php?rest_route=\/wp\/v2\/posts\/92510\/revisions"}],"wp:attachment":[{"href":"https:\/\/diariodominicano.com\/index.php?rest_route=%2Fwp%2Fv2%2Fmedia&parent=92510"}],"wp:term":[{"taxonomy":"category","embeddable":true,"href":"https:\/\/diariodominicano.com\/index.php?rest_route=%2Fwp%2Fv2%2Fcategories&post=92510"},{"taxonomy":"post_tag","embeddable":true,"href":"https:\/\/diariodominicano.com\/index.php?rest_route=%2Fwp%2Fv2%2Ftags&post=92510"}],"curies":[{"name":"wp","href":"https:\/\/api.w.org\/{rel}","templated":true}]}}