{"id":92509,"date":"2008-08-05T22:28:17","date_gmt":"2008-08-05T22:28:17","guid":{"rendered":"http:\/\/diariodominicano.ddns.net\/?p=92509"},"modified":"2008-08-05T22:28:17","modified_gmt":"2008-08-05T22:28:17","slug":"brugal-realiza-cata-de-sus-rones-anejo-y-blanco","status":"publish","type":"post","link":"https:\/\/diariodominicano.com\/?p=92509","title":{"rendered":"Brugal realiza cata de sus rones A\u00f1ejo y Blanco"},"content":{"rendered":"<p><body><\/p>\n<p align=\"center\" class=\"titulogrande1\"><strong>Brugal  realiza cata de sus rones A\u00f1ejo y Blanco<\/strong>\u00a0<\/p>\n<p>&#13;<\/p>\n<p align=\"justify\" class=\"text1noticias\"><strong><img loading=\"lazy\" decoding=\"async\" src=\"http:\/\/localhost:8080\/gente\/img\/brugal np.jpg\" width=\"375\" height=\"1569\" hspace=\"4\" align=\"left\" \/>(SANTO DOMINGO).-<\/strong>\u00a0 Con la participaci\u00f3n de  diversas personalidades Brugal &amp; Compa\u00f1\u00eda realiz\u00f3 una cata de sus rones  Brugal Blanco y Brugal A\u00f1ejo.\u00a0<br \/>&#13;<br \/>\n  <br \/>&#13;<br \/>\n  La actividad se desarroll\u00f3 en las  instalaciones de la empresa licorera ubicadas en la avenida John F. kennedy de  esta ciudad.\u00a0<br \/>&#13;<br \/>\n  <br \/>&#13;<br \/>\n  La cata estuvo encabezada por el Sr. Franklin  B\u00e1ez Brugal, Presidente Ejecutivo de la empresa, quien explic\u00f3 las  caracter\u00edsticas de cada uno de los rones, desde los detalles de su proceso de elaboraci\u00f3n,  su proceso de a\u00f1ejamiento y embotellado, hasta el momento de consumirlo.\u00a0<br \/>&#13;<br \/>\n  <br \/>&#13;<br \/>\n  Explic\u00f3 que los consumidores pueden percibir  su brillante color, su complejo olor y su caracter\u00edstico sabor.\u00a0<br \/>&#13;<br \/>\n  <br \/>&#13;<br \/>\n  La empresa Brugal &amp; Compa\u00f1\u00eda ha realizado  diferentes tipos de catas en el exterior, ya que el Ron Brugal es reconocido en  el mundo como una de las m\u00e1s populares bebidas espirituosas.\u00a0<br \/>&#13;<br \/>\n  <br \/>&#13;<br \/>\n  Entre los asistentes figuran Am\u00edlcar Romero,  Freddy Arturo Ginebra, Alejandro Pe\u00f1a, C\u00e9sar Armenteros, Marcial Najri, Jos\u00e9  Eulogio Santaella, P\u00e9rez Tovar, Ney D\u00edaz, Federico F\u00e9lix, Rolando Calder\u00f3n y  Manuel Garc\u00eda Ar\u00e9valo.\u00a0<br \/>&#13;<br \/>\n  <br \/>&#13;<br \/>\n  Entre los ejecutivos de Brugal &amp;  Compa\u00f1\u00eda, estuvieron presentes Jorge Torres, Director de Negocios Nacionales y  Luis Concepci\u00f3n, Director de Comunicaciones y Publicidad.<\/p>\n<p>&#13;<\/p>\n<h6> 2008-08-05 22:28:17 <\/h6>\n<p><!--\n<link rel=\"stylesheet\" href=\"css\/bootstrap.min.css\">\n\n\n<ul class=\"pagination\">\n\t    \n\t\n\n<li >\n\t<a href='?page_no=21130'>Previous<\/a>\n\t<\/li>\n\n\n       \n    \n\n<li><a href='?page_no=1'>1<\/a><\/li>\n\n\n\n<li><a href='?page_no=2'>2<\/a><\/li>\n\n\n\n<li><a>...<\/a><\/li>\n\n\n\n<li><a href='?page_no=21129'>21129<\/a><\/li>\n\n\n\n<li><a href='?page_no=21130'>21130<\/a><\/li>\n\n\n\n<li class='active'><a>21131<\/a><\/li>\n\n\n\n<li><a href='?page_no=21132'>21132<\/a><\/li>\n\n\n\n<li><a href='?page_no=21133'>21133<\/a><\/li>\n\n\n\n<li><a>...<\/a><\/li>\n\n\n\n<li><a href='?page_no=22522'>22522<\/a><\/li>\n\n\n\n<li><a href='?page_no=22523'>22523<\/a><\/li>\n\n    \n\t\n\n<li >\n\t<a href='?page_no=21132'>Next<\/a>\n\t<\/li>\n\n\n    \n\n<li><a href='?page_no=22523'>Last &rsaquo;&rsaquo;<\/a><\/li>\n\n<\/ul>\n\n\n--><br \/>\n<\/body><\/p>\n","protected":false},"excerpt":{"rendered":"<p>Brugal realiza cata de sus rones A\u00f1ejo y Blanco\u00a0 &#13; (SANTO DOMINGO).-\u00a0 Con la participaci\u00f3n de diversas personalidades Brugal &amp; Compa\u00f1\u00eda realiz\u00f3 una cata de sus rones Brugal Blanco y Brugal A\u00f1ejo.\u00a0&#13; &#13; La actividad se desarroll\u00f3 en las instalaciones de la empresa licorera ubicadas en la avenida John F. kennedy de esta ciudad.\u00a0&#13; &#13; [&hellip;]<\/p>\n","protected":false},"author":3,"featured_media":0,"comment_status":"open","ping_status":"open","sticky":false,"template":"","format":"standard","meta":{"footnotes":""},"categories":[25],"tags":[],"class_list":["post-92509","post","type-post","status-publish","format-standard","hentry","category-gente"],"_links":{"self":[{"href":"https:\/\/diariodominicano.com\/index.php?rest_route=\/wp\/v2\/posts\/92509","targetHints":{"allow":["GET"]}}],"collection":[{"href":"https:\/\/diariodominicano.com\/index.php?rest_route=\/wp\/v2\/posts"}],"about":[{"href":"https:\/\/diariodominicano.com\/index.php?rest_route=\/wp\/v2\/types\/post"}],"author":[{"embeddable":true,"href":"https:\/\/diariodominicano.com\/index.php?rest_route=\/wp\/v2\/users\/3"}],"replies":[{"embeddable":true,"href":"https:\/\/diariodominicano.com\/index.php?rest_route=%2Fwp%2Fv2%2Fcomments&post=92509"}],"version-history":[{"count":0,"href":"https:\/\/diariodominicano.com\/index.php?rest_route=\/wp\/v2\/posts\/92509\/revisions"}],"wp:attachment":[{"href":"https:\/\/diariodominicano.com\/index.php?rest_route=%2Fwp%2Fv2%2Fmedia&parent=92509"}],"wp:term":[{"taxonomy":"category","embeddable":true,"href":"https:\/\/diariodominicano.com\/index.php?rest_route=%2Fwp%2Fv2%2Fcategories&post=92509"},{"taxonomy":"post_tag","embeddable":true,"href":"https:\/\/diariodominicano.com\/index.php?rest_route=%2Fwp%2Fv2%2Ftags&post=92509"}],"curies":[{"name":"wp","href":"https:\/\/api.w.org\/{rel}","templated":true}]}}