{"id":92508,"date":"2008-08-05T22:31:44","date_gmt":"2008-08-05T22:31:44","guid":{"rendered":"http:\/\/diariodominicano.ddns.net\/?p=92508"},"modified":"2008-08-05T22:31:44","modified_gmt":"2008-08-05T22:31:44","slug":"el-meson-del-arte-presenta-cada-jueves-a-los-paymasi","status":"publish","type":"post","link":"https:\/\/diariodominicano.com\/?p=92508","title":{"rendered":"El mes\u00f3n del arte presenta cada jueves a los Paymas\u00ed"},"content":{"rendered":"<p><body><\/p>\n<p align=\"justify\"><span class=\"titulogrande1\">El mes\u00f3n del arte presenta  cada jueves a los Paymas\u00ed<\/span><br \/>&#13;<br \/>\n\u00a0<br \/>&#13;<br \/>\n<span class=\"text1noticias\"><strong><img loading=\"lazy\" decoding=\"async\" src=\"http:\/\/localhost:8080\/gente\/img\/paymasi musica.jpg\" alt=\"\" width=\"375\" height=\"500\" hspace=\"4\" align=\"left\" \/>SANTO DOMINGO.-<\/strong> A partir de  este jueves 7 de agosto, los asistentes a El Mes\u00f3n del Arte o \u00abBar de  Teresa\u00bb, podr\u00e1n disfrutar del ritmo sin igual y la m\u00fasica de Los Paymas\u00ed, agrupaci\u00f3n que  llen\u00f3 toda una \u00e9poca y sigue brindando la misma calidad en voces y ritmo.<br \/>&#13;<br \/>\n  \u00a0<br \/>&#13;<br \/>\n  En este peculiar lugar,  ubicado en la calle Hermanos Deligne\u00a0  No.151 del sector de Gazcue, casi esquina calle Santiago, no es raro ver  a un destacado empresario, pol\u00edtico o profesional interpretando una canci\u00f3n,  acompa\u00f1ado de un pianista profesional o de un guitarrista surgido del mismo  p\u00fablico visitante.\u00a0<br \/>&#13;<br \/>\n  <br \/> &#13;<br \/>\n  Tampoco es extra\u00f1o  encontrarse all\u00ed con cantantes profesionales o m\u00fasicos famosos actuando, por  simple placer personal.<br \/>&#13;<br \/>\n  \u00a0<br \/>&#13;<br \/>\n  El origen del lugar es muy  simple.\u00a0 Su propietaria, Teresa A\u00edda  Kidd, siempre fue amante de las tertulias y las bohemias y termin\u00f3 abriendo un  bar donde ella y su hija Tessie A\u00edda, quien tambi\u00e9n es comunicadora, se solazan  cantando y entreteniendo a los visitantes.<br \/>&#13;<br \/>\n  \u00a0<br \/>&#13;<br \/>\nEl lugar r\u00e1pidamente adquiri\u00f3  clientes habituales y se vio obligado a programar actividades diarias y  adquirir\u00a0 un staff de cantantes y  m\u00fasicos,\u00a0 integrado adem\u00e1s de las  anfitrionas del Mes\u00f3n, por Mabel (quien es corista principal de Fernando  Villalona), Mary Carmen (ex integrante de Las Chicas de Miriam Cruz y Top 40),  Mery L\u00f3pez y la cubana Kalyanes, quien con su gracia y particular  \u00absalero\u00bb, pone a bailar a los presentes.<\/span><\/p>\n<p>&#13;<\/p>\n<p align=\"justify\" class=\"text1noticias\">Para sus actuaciones cuentan  con el acompa\u00f1amiento en el piano de Ferderico Marcos y el maestro Lolo en el  saxof\u00f3n quienes adem\u00e1s acompa\u00f1an a todo aquel miembro del p\u00fablico que quiera  probar su talento e interpretar una canci\u00f3n.<br \/>&#13;<br \/>\n  \u00a0<br \/>&#13;<br \/>\n  El Bar de Teresa cuenta con  una cocina internacional variada y exquisita, de la cual recomendamos la  paella, los fideua, as\u00ed como las carnes y mariscos, los cuales usted puede  disfrutar al tiempo que participa en una tertulia sobre el tema de su  preferencia.\u00a0 <br \/>&#13;<br \/>\n  \u00a0<br \/>&#13;<br \/>\n  Los Paymas\u00ed, un grupo con un  amplio repertorio de \u00e9xitos y m\u00e1s de dos d\u00e9cadas brindando el mejor merengue,  ahora llegan cada jueves al Mes\u00f3n del Arte.<\/p>\n<p>&#13;<\/p>\n<h6> 2008-08-05 22:31:44 <\/h6>\n<p><!--\n<link rel=\"stylesheet\" href=\"css\/bootstrap.min.css\">\n\n\n<ul class=\"pagination\">\n\t    \n\t\n\n<li >\n\t<a href='?page_no=21129'>Previous<\/a>\n\t<\/li>\n\n\n       \n    \n\n<li><a href='?page_no=1'>1<\/a><\/li>\n\n\n\n<li><a href='?page_no=2'>2<\/a><\/li>\n\n\n\n<li><a>...<\/a><\/li>\n\n\n\n<li><a href='?page_no=21128'>21128<\/a><\/li>\n\n\n\n<li><a href='?page_no=21129'>21129<\/a><\/li>\n\n\n\n<li class='active'><a>21130<\/a><\/li>\n\n\n\n<li><a href='?page_no=21131'>21131<\/a><\/li>\n\n\n\n<li><a href='?page_no=21132'>21132<\/a><\/li>\n\n\n\n<li><a>...<\/a><\/li>\n\n\n\n<li><a href='?page_no=22522'>22522<\/a><\/li>\n\n\n\n<li><a href='?page_no=22523'>22523<\/a><\/li>\n\n    \n\t\n\n<li >\n\t<a href='?page_no=21131'>Next<\/a>\n\t<\/li>\n\n\n    \n\n<li><a href='?page_no=22523'>Last &rsaquo;&rsaquo;<\/a><\/li>\n\n<\/ul>\n\n\n--><br \/>\n<\/body><\/p>\n","protected":false},"excerpt":{"rendered":"<p>El mes\u00f3n del arte presenta cada jueves a los Paymas\u00ed&#13; \u00a0&#13; SANTO DOMINGO.- A partir de este jueves 7 de agosto, los asistentes a El Mes\u00f3n del Arte o \u00abBar de Teresa\u00bb, podr\u00e1n disfrutar del ritmo sin igual y la m\u00fasica de Los Paymas\u00ed, agrupaci\u00f3n que llen\u00f3 toda una \u00e9poca y sigue brindando la misma [&hellip;]<\/p>\n","protected":false},"author":3,"featured_media":0,"comment_status":"open","ping_status":"open","sticky":false,"template":"","format":"standard","meta":{"footnotes":""},"categories":[25],"tags":[],"class_list":["post-92508","post","type-post","status-publish","format-standard","hentry","category-gente"],"_links":{"self":[{"href":"https:\/\/diariodominicano.com\/index.php?rest_route=\/wp\/v2\/posts\/92508","targetHints":{"allow":["GET"]}}],"collection":[{"href":"https:\/\/diariodominicano.com\/index.php?rest_route=\/wp\/v2\/posts"}],"about":[{"href":"https:\/\/diariodominicano.com\/index.php?rest_route=\/wp\/v2\/types\/post"}],"author":[{"embeddable":true,"href":"https:\/\/diariodominicano.com\/index.php?rest_route=\/wp\/v2\/users\/3"}],"replies":[{"embeddable":true,"href":"https:\/\/diariodominicano.com\/index.php?rest_route=%2Fwp%2Fv2%2Fcomments&post=92508"}],"version-history":[{"count":0,"href":"https:\/\/diariodominicano.com\/index.php?rest_route=\/wp\/v2\/posts\/92508\/revisions"}],"wp:attachment":[{"href":"https:\/\/diariodominicano.com\/index.php?rest_route=%2Fwp%2Fv2%2Fmedia&parent=92508"}],"wp:term":[{"taxonomy":"category","embeddable":true,"href":"https:\/\/diariodominicano.com\/index.php?rest_route=%2Fwp%2Fv2%2Fcategories&post=92508"},{"taxonomy":"post_tag","embeddable":true,"href":"https:\/\/diariodominicano.com\/index.php?rest_route=%2Fwp%2Fv2%2Ftags&post=92508"}],"curies":[{"name":"wp","href":"https:\/\/api.w.org\/{rel}","templated":true}]}}