{"id":92507,"date":"2008-08-06T01:09:07","date_gmt":"2008-08-06T01:09:07","guid":{"rendered":"http:\/\/diariodominicano.ddns.net\/?p=92507"},"modified":"2008-08-06T01:09:07","modified_gmt":"2008-08-06T01:09:07","slug":"solo-un-huracan-impedira-que-charles-aznavour-se-presente-y-se-despedida-de-los-escenarios-en-republica-dominicana","status":"publish","type":"post","link":"https:\/\/diariodominicano.com\/?p=92507","title":{"rendered":"S\u00f3lo un hurac\u00e1n impedir\u00e1 que Charles Aznavour se presente y se despedida de los escenarios en Rep\u00fablica Dominicana"},"content":{"rendered":"<p><body><\/p>\n<p align=\"justify\" class=\"titulogrande1\">S\u00f3lo un hurac\u00e1n impedir\u00e1 que Charles Aznavour se presente y se  despedida de los escenarios en Rep\u00fablica Dominicana<\/p>\n<p>&#13;<\/p>\n<p align=\"justify\" class=\"text1noticias\"><img loading=\"lazy\" decoding=\"async\" src=\"http:\/\/localhost:8080\/gente\/img\/aznavour chavon.jpg\" width=\"375\" height=\"285\" hspace=\"4\" align=\"left\" \/>As\u00ed lo confirm\u00f3  la <em>road manager<\/em> de su gira por  Am\u00e9rica latina, que visit\u00f3 el pa\u00eds el pasado fin de semana sin mucha publicidad  y s\u00f3lo dedicada a trabajar para confirmar el show de Aznavour el s\u00e1bado 27 de  septiembre en Altos de Chav\u00f3n.<\/p>\n<p>&#13;<\/p>\n<p align=\"justify\" class=\"text1noticias\">Fue una ardua  jornada de trabajo donde la se\u00f1ora Franco verific\u00f3 cada detalle, \u00a0desde la Villa de Casa de Campo donde se  hospedar\u00e1 el cantante franc\u00e9s de origen armenio, las habitaciones para sus  m\u00fasicos y t\u00e9cnicos, los autom\u00f3viles que emplear\u00e1, el sonido, los camerinos y el  personal de seguridad del pa\u00eds que trabajar\u00e1 con la propia seguridad personal de  Aznavour.<\/p>\n<p>&#13;<\/p>\n<p align=\"justify\" class=\"text1noticias\">Charles  Aznavour, de 85 a\u00f1os de edad, hizo una primera etapa de su gira de despedida de  los escenarios a inicios de este a\u00f1o que le llev\u00f3 a Chile, Argentina, Uruguay y  Brasil.<\/p>\n<p>&#13;<\/p>\n<p align=\"justify\" class=\"text1noticias\">Luego de un  necesario descanso, volver\u00e1 a finales de agosto a Latinoam\u00e9rica para completar  otros escenarios de Brasil, Colombia, Venezuela, Puerto Rico y Rep\u00fablica  Dominicana.<\/p>\n<p>&#13;<\/p>\n<p align=\"justify\" class=\"text1noticias\">Seg\u00fan su  producci\u00f3n, Aznavour ha reservado para Rep\u00fablica Dominicana un repertorio muy  especial, donde no faltar\u00e1n sus grandes \u00e9xitos interpretados en franc\u00e9s y  espa\u00f1ol, acompa\u00f1ado de una gran orquesta de renombrados m\u00fasicos galos.<\/p>\n<p>&#13;<\/p>\n<p align=\"justify\" class=\"text1noticias\">Charles Aznavour  pisar\u00e1 su \u00faltimo escenario como cantante en Rep\u00fablica Dominicana, en el  anfiteatro de Altos de Chav\u00f3n, el s\u00e1bado 27 de septiembre bajo la producci\u00f3n  ejecutiva de <em>Hierbabuena Entretenimientos  SA<\/em> que preside Roberto Cavada y del cantautor Jos\u00e9 Antonio Rodr\u00edguez.<\/p>\n<p>&#13;<\/p>\n<p align=\"justify\" class=\"text1noticias\">En los pr\u00f3ximos  d\u00edas se anunciar\u00e1 el inicio de la venta de las boletas y los precios.<\/p>\n<p>&#13;<\/p>\n<h6> 2008-08-06 01:09:07 <\/h6>\n<p><!--\n<link rel=\"stylesheet\" href=\"css\/bootstrap.min.css\">\n\n\n<ul class=\"pagination\">\n\t    \n\t\n\n<li >\n\t<a href='?page_no=21128'>Previous<\/a>\n\t<\/li>\n\n\n       \n    \n\n<li><a href='?page_no=1'>1<\/a><\/li>\n\n\n\n<li><a href='?page_no=2'>2<\/a><\/li>\n\n\n\n<li><a>...<\/a><\/li>\n\n\n\n<li><a href='?page_no=21127'>21127<\/a><\/li>\n\n\n\n<li><a href='?page_no=21128'>21128<\/a><\/li>\n\n\n\n<li class='active'><a>21129<\/a><\/li>\n\n\n\n<li><a href='?page_no=21130'>21130<\/a><\/li>\n\n\n\n<li><a href='?page_no=21131'>21131<\/a><\/li>\n\n\n\n<li><a>...<\/a><\/li>\n\n\n\n<li><a href='?page_no=22522'>22522<\/a><\/li>\n\n\n\n<li><a href='?page_no=22523'>22523<\/a><\/li>\n\n    \n\t\n\n<li >\n\t<a href='?page_no=21130'>Next<\/a>\n\t<\/li>\n\n\n    \n\n<li><a href='?page_no=22523'>Last &rsaquo;&rsaquo;<\/a><\/li>\n\n<\/ul>\n\n\n--><br \/>\n<\/body><\/p>\n","protected":false},"excerpt":{"rendered":"<p>S\u00f3lo un hurac\u00e1n impedir\u00e1 que Charles Aznavour se presente y se despedida de los escenarios en Rep\u00fablica Dominicana &#13; As\u00ed lo confirm\u00f3 la road manager de su gira por Am\u00e9rica latina, que visit\u00f3 el pa\u00eds el pasado fin de semana sin mucha publicidad y s\u00f3lo dedicada a trabajar para confirmar el show de Aznavour el [&hellip;]<\/p>\n","protected":false},"author":3,"featured_media":0,"comment_status":"open","ping_status":"open","sticky":false,"template":"","format":"standard","meta":{"footnotes":""},"categories":[25],"tags":[],"class_list":["post-92507","post","type-post","status-publish","format-standard","hentry","category-gente"],"_links":{"self":[{"href":"https:\/\/diariodominicano.com\/index.php?rest_route=\/wp\/v2\/posts\/92507","targetHints":{"allow":["GET"]}}],"collection":[{"href":"https:\/\/diariodominicano.com\/index.php?rest_route=\/wp\/v2\/posts"}],"about":[{"href":"https:\/\/diariodominicano.com\/index.php?rest_route=\/wp\/v2\/types\/post"}],"author":[{"embeddable":true,"href":"https:\/\/diariodominicano.com\/index.php?rest_route=\/wp\/v2\/users\/3"}],"replies":[{"embeddable":true,"href":"https:\/\/diariodominicano.com\/index.php?rest_route=%2Fwp%2Fv2%2Fcomments&post=92507"}],"version-history":[{"count":0,"href":"https:\/\/diariodominicano.com\/index.php?rest_route=\/wp\/v2\/posts\/92507\/revisions"}],"wp:attachment":[{"href":"https:\/\/diariodominicano.com\/index.php?rest_route=%2Fwp%2Fv2%2Fmedia&parent=92507"}],"wp:term":[{"taxonomy":"category","embeddable":true,"href":"https:\/\/diariodominicano.com\/index.php?rest_route=%2Fwp%2Fv2%2Fcategories&post=92507"},{"taxonomy":"post_tag","embeddable":true,"href":"https:\/\/diariodominicano.com\/index.php?rest_route=%2Fwp%2Fv2%2Ftags&post=92507"}],"curies":[{"name":"wp","href":"https:\/\/api.w.org\/{rel}","templated":true}]}}