{"id":92506,"date":"2008-08-06T17:59:40","date_gmt":"2008-08-06T17:59:40","guid":{"rendered":"http:\/\/diariodominicano.ddns.net\/?p=92506"},"modified":"2008-08-06T17:59:40","modified_gmt":"2008-08-06T17:59:40","slug":"pakole-dice-no-me-voy-de-aqui","status":"publish","type":"post","link":"https:\/\/diariodominicano.com\/?p=92506","title":{"rendered":"Pakol\u00e9 dice \u00abNo me voy de aqu\u00ed\u00bb"},"content":{"rendered":"<p><body><\/p>\n<p align=\"justify\"><span class=\"titulogrande1\"><strong>Pakol\u00e9 dice \u00abNo me voy de aqu\u00ed\u00bb<\/strong><\/span><strong><br \/>&#13;<br \/>\n  <br \/>&#13;<br \/>\n  <\/strong><span class=\"text1noticias\"><strong>Es su nuevo tema que invita a que las familias no se dividan, que  se queden juntas en su pa\u00eds<br \/>&#13;<br \/>\n  <\/strong>\u00a0<br \/>&#13;<br \/>\n  <strong><img loading=\"lazy\" decoding=\"async\" src=\"http:\/\/localhost:8080\/gente\/img\/pakkole.jpg\" width=\"375\" height=\"576\" hspace=\"4\" align=\"left\" \/>Rep Dom.-<\/strong> Un  nuevo tema escrito y cantado por Pakol\u00e9 est\u00e1 ganando espacio en la radio  nacional, que lo coloca una vez m\u00e1s en la ruta del \u00e9xito que ha buscado hace  m\u00e1s de cuatro a\u00f1os desde que form\u00f3 su orquesta.<br \/>&#13;<br \/>\n  <br \/>&#13;<br \/>\n\u00abNo  me voy de aqu\u00ed\u00bb es un tema que invita al dominicano a quedarse en su pa\u00eds  y buscar la forma de vivir al lado de los suyos sin tener que irse a un exilio  voluntario que algunas ocasiones dividen a las m\u00e1s formadas familias.<br \/>&#13;<br \/>\n<br \/>&#13;<br \/>\nEl  merenguero que ya tiene listo el v\u00eddeo de este tema, est\u00e1 contento con lo que  ha logrado con el mismo y asegura que este ser\u00e1 el hit que le dar\u00e1 el empuje  final a su m\u00fasica.<br \/>&#13;<br \/>\n<br \/>&#13;<br \/>\n\u00abEn  estos momentos de crisis mundial que se vive, quise escribir un tema que le  diera animo a la gente de que no se vaya del pa\u00eds, de que se queden aqu\u00ed  echando el pleito como uno dice, que este pa\u00eds es maravilloso, adem\u00e1s de que  uno tiene que estar al lado de los hijos para darle una buena formaci\u00f3n cosa  que hace falta en estos tiempos\u00bb, dijo Pakol\u00e9 al tiempo de resaltar el  empuje que ha logrado su carrera.<br \/>&#13;<br \/>\n<br \/>&#13;<br \/>\n Trabajado  ahora por el empresario\u00a0 Nelson Hiraldo, Pakol\u00e9 ha sentido el despegue de  su carrera, tanto as\u00ed que est\u00e1 tocando fiestas en distintos puntos del pa\u00eds, y  se ha convertido en el invitado especial de los m\u00e1s importantes programas de  televisi\u00f3n y radio del pa\u00eds.<br \/>&#13;<br \/>\n<br \/>&#13;<br \/>\n Su  nueva \u00a0producci\u00f3n \u00abPakol\u00e9 con el coraz\u00f3n\u00bb, que saldr\u00e1 bajo el  sello de si todav\u00eda disquera Juan &amp; Nelson saldr\u00e1 en unos meses y en ella  viene una variedad que le dar\u00e1 oportunidad al p\u00fablico de disfrutar de una  verdadera producci\u00f3n musical.<br \/>&#13;<br \/>\n<br \/>&#13;<br \/>\n\u00abMe  siento bien de lo que est\u00e1 pasando en estos momentos conmigo, y todo esto es  gracias al apoyo que me han dado los medios de comunicaci\u00f3n, las emisoras y los  DJ, y esto me hace a que siga entregando un trabajo con calidad, con el que  siempre le ha dado a mi p\u00fablico\u00bb, dijo el int\u00e9rprete de \u00abLa  tinajita\u00bb.<br \/>&#13;<br \/>\n<br \/>&#13;<br \/>\nReiter\u00f3  que se siente muy feliz de ver como su nombre se ha afianzado como artista, y  del relanzamiento que vive su carrera.<\/span><\/p>\n<p>&#13;<\/p>\n<h6> 2008-08-06 17:59:40 <\/h6>\n<p><!--\n<link rel=\"stylesheet\" href=\"css\/bootstrap.min.css\">\n\n\n<ul class=\"pagination\">\n\t    \n\t\n\n<li >\n\t<a href='?page_no=21127'>Previous<\/a>\n\t<\/li>\n\n\n       \n    \n\n<li><a href='?page_no=1'>1<\/a><\/li>\n\n\n\n<li><a href='?page_no=2'>2<\/a><\/li>\n\n\n\n<li><a>...<\/a><\/li>\n\n\n\n<li><a href='?page_no=21126'>21126<\/a><\/li>\n\n\n\n<li><a href='?page_no=21127'>21127<\/a><\/li>\n\n\n\n<li class='active'><a>21128<\/a><\/li>\n\n\n\n<li><a href='?page_no=21129'>21129<\/a><\/li>\n\n\n\n<li><a href='?page_no=21130'>21130<\/a><\/li>\n\n\n\n<li><a>...<\/a><\/li>\n\n\n\n<li><a href='?page_no=22522'>22522<\/a><\/li>\n\n\n\n<li><a href='?page_no=22523'>22523<\/a><\/li>\n\n    \n\t\n\n<li >\n\t<a href='?page_no=21129'>Next<\/a>\n\t<\/li>\n\n\n    \n\n<li><a href='?page_no=22523'>Last &rsaquo;&rsaquo;<\/a><\/li>\n\n<\/ul>\n\n\n--><br \/>\n<\/body><\/p>\n","protected":false},"excerpt":{"rendered":"<p>Pakol\u00e9 dice \u00abNo me voy de aqu\u00ed\u00bb&#13; &#13; Es su nuevo tema que invita a que las familias no se dividan, que se queden juntas en su pa\u00eds&#13; \u00a0&#13; Rep Dom.- Un nuevo tema escrito y cantado por Pakol\u00e9 est\u00e1 ganando espacio en la radio nacional, que lo coloca una vez m\u00e1s en la ruta [&hellip;]<\/p>\n","protected":false},"author":3,"featured_media":0,"comment_status":"open","ping_status":"open","sticky":false,"template":"","format":"standard","meta":{"footnotes":""},"categories":[25],"tags":[],"class_list":["post-92506","post","type-post","status-publish","format-standard","hentry","category-gente"],"_links":{"self":[{"href":"https:\/\/diariodominicano.com\/index.php?rest_route=\/wp\/v2\/posts\/92506","targetHints":{"allow":["GET"]}}],"collection":[{"href":"https:\/\/diariodominicano.com\/index.php?rest_route=\/wp\/v2\/posts"}],"about":[{"href":"https:\/\/diariodominicano.com\/index.php?rest_route=\/wp\/v2\/types\/post"}],"author":[{"embeddable":true,"href":"https:\/\/diariodominicano.com\/index.php?rest_route=\/wp\/v2\/users\/3"}],"replies":[{"embeddable":true,"href":"https:\/\/diariodominicano.com\/index.php?rest_route=%2Fwp%2Fv2%2Fcomments&post=92506"}],"version-history":[{"count":0,"href":"https:\/\/diariodominicano.com\/index.php?rest_route=\/wp\/v2\/posts\/92506\/revisions"}],"wp:attachment":[{"href":"https:\/\/diariodominicano.com\/index.php?rest_route=%2Fwp%2Fv2%2Fmedia&parent=92506"}],"wp:term":[{"taxonomy":"category","embeddable":true,"href":"https:\/\/diariodominicano.com\/index.php?rest_route=%2Fwp%2Fv2%2Fcategories&post=92506"},{"taxonomy":"post_tag","embeddable":true,"href":"https:\/\/diariodominicano.com\/index.php?rest_route=%2Fwp%2Fv2%2Ftags&post=92506"}],"curies":[{"name":"wp","href":"https:\/\/api.w.org\/{rel}","templated":true}]}}