{"id":92505,"date":"2008-08-07T17:13:10","date_gmt":"2008-08-07T17:13:10","guid":{"rendered":"http:\/\/diariodominicano.ddns.net\/?p=92505"},"modified":"2008-08-07T17:13:10","modified_gmt":"2008-08-07T17:13:10","slug":"todo-listo-en-santiago-para-megaconcierto-del-verano","status":"publish","type":"post","link":"https:\/\/diariodominicano.com\/?p=92505","title":{"rendered":"Todo listo en Santiago para \u201cMegaconcierto del verano\u201d"},"content":{"rendered":"<p><body><\/p>\n<p align=\"center\" class=\"titulogrande1\"><strong>Todo  listo en Santiago para \u201cMegaconcierto del verano\u201d<\/strong><\/p>\n<p>&#13;<\/p>\n<p align=\"justify\" class=\"text1noticias\"><strong><img loading=\"lazy\" decoding=\"async\" src=\"http:\/\/localhost:8080\/gente\/img\/concierto santiago.jpg\" width=\"375\" height=\"528\" hspace=\"4\" align=\"left\" \/>Rep Dom.-<\/strong> Diez  estrellas de la m\u00fasica y cuatro presentadores esperan mas de 40 mil personas en  toda el \u00e1rea del Monumento a los H\u00e9roes de Restauraci\u00f3n de Santiago, durante el  \u201cMegaconcierto del verano\u201d, este s\u00e1bado 9 de agosto, desde la 5:00 de la tarde.<br \/>&#13;<br \/>\n  <br \/>&#13;<br \/>\n  Rubby  P\u00e9rez,\u00a0 Eddy Herrera, To\u00f1o Rosario, Juli\u00e1n, Michell, Sexappeal, Kiko  \u00abEl Presidente\u00bb, Krisspy, Silvio Mora y\u00a0 Kinito M\u00e9ndez,  conforman la cartelera musical de este evento que produce Luis Medrano.<br \/>&#13;<br \/>\n  <br \/>&#13;<br \/>\n  La  animaci\u00f3n estar\u00e1 a cargo Milton Cordero \u201cLechuga\u201d, Jes\u00fas Gil \u201cMasa\u201d, Sharm\u00edn  D\u00edaz y Nelson Javier \u201cEl cocodrilo\u201d.<br \/>&#13;<br \/>\n  <br \/>&#13;<br \/>\n  Con\u00a0  un\u00a0 gran escenario y un espectacular montaje de una ciudad playera  con impresionante piscinas, playas, juegos y la mas renovadoras tecnolog\u00edas del  los grandes conciertos, la Cervecer\u00eda   Nacional Dominicana y Mangu Music Television esperan que toda  la regi\u00f3n del Cibao vibre con el calor del verano en su m\u00e1xima temperatura  musical.<br \/>&#13;<br \/>\n  <br \/>&#13;<br \/>\n  Luces,  sonido, pirotecnia, pantallas, seguridad y camerinos ya est\u00e1n instalados al pie  de la explanada monumental en la bien llamada Ciudad Coraz\u00f3n para que disfruten  y se diviertan con la m\u00e1s alegre y din\u00e1mica plataforma al estilo perfecto de  los montajes&#13;<br \/>\n  <!--  D([\"mb\",\"u003cspanu003e&nbsp;nu003c\/spanu003edel verano presidente y mangu music televisi&oacute;n.u003c\/spanu003eu003c\/pu003ennu003cp styleu003d\"text-align:center\" alignu003d\"center\"u003eu003cspan styleu003d\"font-size:16pt\"u003eLos &iacute;dolos del pa&iacute;s las estrellas m&aacute;s importantes denla m&uacute;sica popular dominicana en este momento son los que u003cspanu003e&nbsp;u003c\/spanu003eactuaran totalmente gratis para todos losncibae&ntilde;os este s&aacute;bado 9 de agosto en la explanada del monumento de la ciudadncoraz&oacute;n santiago a partir de las 5 de la tarde como un regalo de la cervezanpresidente y mangu music televisi&oacute;n a la toda u003cspanu003e&nbsp;u003c\/spanu003eregi&oacute;n norte.u003c\/spanu003eu003c\/pu003ennu003cp styleu003d\"text-align:center\" alignu003d\"center\"u003eu003cspan styleu003d\"font-size:16pt\"u003e&nbsp;u003c\/spanu003eu003c\/pu003ennu003cp styleu003d\"text-align:center\" alignu003d\"center\"u003eu003cspan styleu003d\"font-size:16pt\"u003eEste gran evento de las estrellas del urban musicnfest, el cual es el megaconcierto multitudinario m&aacute;s grande jam&aacute;s se haya u003cspanu003e&nbsp;u003c\/spanu003epresentado en el monumento de los h&eacute;roes de lanrestauraci&oacute;n en la ciudad que es la capital de la m&uacute;sica del pa&iacute;s santiago ynque pondr&aacute;s en escena solo talentos dominicanos abriendo una vez mas una nuevanhistoria en su camino hacia la celebraci&oacute;n del sus 500 a&ntilde;os de fundada el pr&oacute;ximondiciembre, pero es este u003cspanu003e&nbsp;u003c\/spanu003es&aacute;bado 9 denagosto el u003cspanu003e&nbsp;u003c\/spanu003eque ser&aacute; un d&iacute;a inolvidablencon el encuentro de una constelaci&oacute;n de las estrellasu003cspanu003e&nbsp; u003c\/spanu003eque son las mas u003cspanu003e&nbsp;u003c\/spanu003epopulares agrupaciones musicales que actuar&aacute;nngratis para los cibae&ntilde;os al pie del monumento de los h&eacute;roes de la restauraci&oacute;n.u003c\/spanu003eu003c\/pu003ennu003cp styleu003d\"text-align:center\" alignu003d\"center\"u003eu003cspan styleu003d\"font-size:16pt\"u003eComo una manera de que nadie pueda perderse el&nbsp;nencuentro de los exponentes de merengue de calle y&nbsp; tradicional de la bachatany la salsa en un espect&aacute;culo sin precedente juntando en un mismo escenario au003c\/spanu003eu003c\/pu003ennu003cp styleu003d\"text-align:center\" alignu003d\"center\"u003eu003cspan styleu003d\"font-size:16pt\"u003eRubby P&eacute;rez,u003cspanu003e&nbsp;nu003c\/spanu003eEddy Herrera, To&ntilde;o Rosario, Juli&aacute;n oro duro, Michell, sexappeal, kikonu0026quot;el presidenteu0026quot;, krisspy, Silvio Mora y&nbsp; kinito M&eacute;ndezu003cspanu003e&nbsp; u003c\/spanu003econ la animaci&oacute;n de Lechuga, &eacute;l se&ntilde;oru003cspanu003e\",1]  );    \/\/-->&#13;<br \/>\n  \u00a0 del \u201cVerano Presidente\u201d.<br \/>&#13;<br \/>\n  <br \/>&#13;<br \/>\n  Este ser\u00e1  el evento multitudinario m\u00e1s grande que jam\u00e1s se haya presentado en el  Monumento de Santiago, abriendo el camino hacia la celebraci\u00f3n de los 500 a\u00f1os  de esa ciudad.<\/p>\n<p>&#13;<\/p>\n<h6> 2008-08-07 17:13:10 <\/h6>\n<p><!--\n<link rel=\"stylesheet\" href=\"css\/bootstrap.min.css\">\n\n\n<ul class=\"pagination\">\n\t    \n\t\n\n<li >\n\t<a href='?page_no=21126'>Previous<\/a>\n\t<\/li>\n\n\n       \n    \n\n<li><a href='?page_no=1'>1<\/a><\/li>\n\n\n\n<li><a href='?page_no=2'>2<\/a><\/li>\n\n\n\n<li><a>...<\/a><\/li>\n\n\n\n<li><a href='?page_no=21125'>21125<\/a><\/li>\n\n\n\n<li><a href='?page_no=21126'>21126<\/a><\/li>\n\n\n\n<li class='active'><a>21127<\/a><\/li>\n\n\n\n<li><a href='?page_no=21128'>21128<\/a><\/li>\n\n\n\n<li><a href='?page_no=21129'>21129<\/a><\/li>\n\n\n\n<li><a>...<\/a><\/li>\n\n\n\n<li><a href='?page_no=22522'>22522<\/a><\/li>\n\n\n\n<li><a href='?page_no=22523'>22523<\/a><\/li>\n\n    \n\t\n\n<li >\n\t<a href='?page_no=21128'>Next<\/a>\n\t<\/li>\n\n\n    \n\n<li><a href='?page_no=22523'>Last &rsaquo;&rsaquo;<\/a><\/li>\n\n<\/ul>\n\n\n--><br \/>\n<\/body><\/p>\n","protected":false},"excerpt":{"rendered":"<p>Todo listo en Santiago para \u201cMegaconcierto del verano\u201d &#13; Rep Dom.- Diez estrellas de la m\u00fasica y cuatro presentadores esperan mas de 40 mil personas en toda el \u00e1rea del Monumento a los H\u00e9roes de Restauraci\u00f3n de Santiago, durante el \u201cMegaconcierto del verano\u201d, este s\u00e1bado 9 de agosto, desde la 5:00 de la tarde.&#13; &#13; [&hellip;]<\/p>\n","protected":false},"author":3,"featured_media":0,"comment_status":"open","ping_status":"open","sticky":false,"template":"","format":"standard","meta":{"footnotes":""},"categories":[25],"tags":[],"class_list":["post-92505","post","type-post","status-publish","format-standard","hentry","category-gente"],"_links":{"self":[{"href":"https:\/\/diariodominicano.com\/index.php?rest_route=\/wp\/v2\/posts\/92505","targetHints":{"allow":["GET"]}}],"collection":[{"href":"https:\/\/diariodominicano.com\/index.php?rest_route=\/wp\/v2\/posts"}],"about":[{"href":"https:\/\/diariodominicano.com\/index.php?rest_route=\/wp\/v2\/types\/post"}],"author":[{"embeddable":true,"href":"https:\/\/diariodominicano.com\/index.php?rest_route=\/wp\/v2\/users\/3"}],"replies":[{"embeddable":true,"href":"https:\/\/diariodominicano.com\/index.php?rest_route=%2Fwp%2Fv2%2Fcomments&post=92505"}],"version-history":[{"count":0,"href":"https:\/\/diariodominicano.com\/index.php?rest_route=\/wp\/v2\/posts\/92505\/revisions"}],"wp:attachment":[{"href":"https:\/\/diariodominicano.com\/index.php?rest_route=%2Fwp%2Fv2%2Fmedia&parent=92505"}],"wp:term":[{"taxonomy":"category","embeddable":true,"href":"https:\/\/diariodominicano.com\/index.php?rest_route=%2Fwp%2Fv2%2Fcategories&post=92505"},{"taxonomy":"post_tag","embeddable":true,"href":"https:\/\/diariodominicano.com\/index.php?rest_route=%2Fwp%2Fv2%2Ftags&post=92505"}],"curies":[{"name":"wp","href":"https:\/\/api.w.org\/{rel}","templated":true}]}}